{"id":13801,"date":"2019-05-17T19:55:29","date_gmt":"2019-05-17T17:55:29","guid":{"rendered":"http:\/\/sola-poljane.splet.arnes.si\/?p=13801"},"modified":"2020-09-07T13:42:40","modified_gmt":"2020-09-07T11:42:40","slug":"atletika-medobcinsko-tekmovanje-v-atletiki-zelezniki-2019","status":"publish","type":"post","link":"https:\/\/sola-poljane.splet.arnes.si\/?p=13801","title":{"rendered":"Atletika \u2013 medob\u010dinsko tekmovanje v atletiki, \u017delezniki 2019"},"content":{"rendered":"<p>V torek, 14. 5. 2019, je v \u017deleznikih potekalo <strong><span style=\"color: #0000ff\">medob\u010dinsko tekmovanje v atletiki<\/span><\/strong>. Tokrat prvi\u010d v mnogo letih v ni\u010d kaj pomladnem vremenu, saj je bilo komaj 8 \u00b0C. V vetrovnem in hladnem vremenu je na\u0161im u\u010dencem vseeno uspelo dose\u010di kar nekaj spodbudnih rezultatov. V hudi konkurenci u\u010dencev iz sosednjih \u0161ol smo tekmovali v kategoriji s<span style=\"color: #0000ff\">tarej\u0161ih in mlaj\u0161ih u\u010dencev in u\u010denk<\/span>.<\/p>\n<p>&nbsp;<\/p>\n<p><strong><span style=\"color: #0000ff\">Rezultati v kategoriji starej\u0161ih so bil naslednji:<\/span><\/strong><\/p>\n<p>1000 m \u2013 Anja Luznar, 3. mesto<\/p>\n<p>300 m\u00a0\u2013 Tinkara Krek, 4. mesto<\/p>\n<p>300 m \u2013 David Derlink, 7. mesto<\/p>\n<p>VI\u0160INA \u2013 Alja\u017e Bohinc, 9. mesto<\/p>\n<p>VORTEKS\u00a0\u2013\u00a0Nastja Dolenc, 8. mesto<\/p>\n<p>VORTEKS \u2013 Eva \u0160turm, 10. mesto<\/p>\n<p>VORTEKS \u2013 Tibor Prosen 11, mesto<\/p>\n<p>&nbsp;<\/p>\n<p><strong><span style=\"color: #0000ff\">Rezultati v kategoriji mlaj\u0161ih so bil naslednji:<\/span><\/strong><\/p>\n<p>60 m \u2013 Ga\u0161per \u010cade\u017e, 8. mesto<\/p>\n<p>60 m \u2013 Jaka Pade\u017enik, 11. mesto<\/p>\n<p>600 m\u00a0\u2013 David Kri\u017enar, 8. mesto<\/p>\n<p>VORTEKS\u00a0\u2013 Mojca Krajnik, 1. mesto<\/p>\n<p>VORTEKS\u00a0\u2013 Nina Jereb, 10. mesto<\/p>\n<p>VORTEKS\u00a0\u2013 Dominik Pisk, 9. mesto<\/p>\n<p>&nbsp;<\/p>\n<p>\u010cestitke nastopajo\u010dim in predvsem tistim, ki so se uvrstili na regijsko tekmovanje v Kranj.<\/p>\n<p>&nbsp;<\/p>\nngg_shortcode_0_placeholder\n","protected":false},"excerpt":{"rendered":"<p>V torek, 14. 5. 2019, je v \u017deleznikih potekalo medob\u010dinsko [&hellip;]<\/p>\n","protected":false},"author":56163,"featured_media":13805,"comment_status":"closed","ping_status":"open","sticky":false,"template":"","format":"standard","meta":{"ngg_post_thumbnail":0,"footnotes":""},"categories":[55,59],"tags":[],"class_list":["post-13801","post","type-post","status-publish","format-standard","has-post-thumbnail","hentry","category-dogajanje","category-sportna-tekmovanja"],"_links":{"self":[{"href":"https:\/\/sola-poljane.splet.arnes.si\/index.php?rest_route=\/wp\/v2\/posts\/13801","targetHints":{"allow":["GET"]}}],"collection":[{"href":"https:\/\/sola-poljane.splet.arnes.si\/index.php?rest_route=\/wp\/v2\/posts"}],"about":[{"href":"https:\/\/sola-poljane.splet.arnes.si\/index.php?rest_route=\/wp\/v2\/types\/post"}],"author":[{"embeddable":true,"href":"https:\/\/sola-poljane.splet.arnes.si\/index.php?rest_route=\/wp\/v2\/users\/56163"}],"replies":[{"embeddable":true,"href":"https:\/\/sola-poljane.splet.arnes.si\/index.php?rest_route=%2Fwp%2Fv2%2Fcomments&post=13801"}],"version-history":[{"count":2,"href":"https:\/\/sola-poljane.splet.arnes.si\/index.php?rest_route=\/wp\/v2\/posts\/13801\/revisions"}],"predecessor-version":[{"id":13807,"href":"https:\/\/sola-poljane.splet.arnes.si\/index.php?rest_route=\/wp\/v2\/posts\/13801\/revisions\/13807"}],"wp:featuredmedia":[{"embeddable":true,"href":"https:\/\/sola-poljane.splet.arnes.si\/index.php?rest_route=\/wp\/v2\/media\/13805"}],"wp:attachment":[{"href":"https:\/\/sola-poljane.splet.arnes.si\/index.php?rest_route=%2Fwp%2Fv2%2Fmedia&parent=13801"}],"wp:term":[{"taxonomy":"category","embeddable":true,"href":"https:\/\/sola-poljane.splet.arnes.si\/index.php?rest_route=%2Fwp%2Fv2%2Fcategories&post=13801"},{"taxonomy":"post_tag","embeddable":true,"href":"https:\/\/sola-poljane.splet.arnes.si\/index.php?rest_route=%2Fwp%2Fv2%2Ftags&post=13801"}],"curies":[{"name":"wp","href":"https:\/\/api.w.org\/{rel}","templated":true}]}}