{"id":13597,"date":"2019-04-16T06:15:01","date_gmt":"2019-04-16T04:15:01","guid":{"rendered":"http:\/\/sola-poljane.splet.arnes.si\/?p=13597"},"modified":"2020-09-07T13:42:41","modified_gmt":"2020-09-07T11:42:41","slug":"sola-v-naravi-za-3-razred-medvedje-brdo-2","status":"publish","type":"post","link":"https:\/\/sola-poljane.splet.arnes.si\/?p=13597","title":{"rendered":"\u0160ola v naravi za 3. razred \u2013 Medvedje Brdo"},"content":{"rendered":"<p><span style=\"color: #3366ff\"><strong>PONEDELJEK: Prvi dan je za nami<\/strong><\/span><\/p>\n<p>Na\u0161o \u0161olo v naravi na Medvedjem Brdu smo za\u010deli z razvr\u0161\u010danjem v sobe. Ko so bile vse potovalke na svojih mestih, se je utrip \u0161ole v naravi dodobra za\u010del. Prva preizku\u0161nja s pospravljanjem v omare in urejanjem le\u017ei\u0161\u010d je bila dokaj hitro in uspe\u0161no opravljena. Toda bodo tretje\u0161olci znali obdr\u017eati red v omarah in sobah? V dru\u017ebi so\u0161olcev in prijaznih u\u010diteljev Doma Medved smo popoldne pre\u017eiveli v gozdu, v ve\u010dernih urah pa skozi teleskop opazovali luno. Po ve\u010derni pravljici so prav vsi te\u017eko pri\u010dakovali no\u010d v dru\u017ebi svojih so\u0161olk in so\u0161olcev. Sedaj, ko nastaja tale zapis, pa so o\u010di na\u0161ih u\u010dencev \u017ee tesno zaprte.<\/p>\nngg_shortcode_0_placeholder\n<p>&nbsp;<\/p>\n<p><strong><span style=\"color: #ff9900\">******************************************************************************************************<\/span><\/strong><\/p>\n<p>&nbsp;<\/p>\n<p><span style=\"color: #3366ff\"><strong>TORE<span style=\"color: #3366ff\">K: <\/span><\/strong><strong>Dom Medved z okolico in tretje\u0161olci iz Poljan<\/strong><\/span><\/p>\n<p>Prebudili smo se v son\u010dno jutro. Dale\u010d naokrog se je razlegala ti\u0161ina, le Dom Medved je postajal vedno bolj \u00bb\u017eiv in aktiven\u00ab. Pravzaprav ne dom, pa\u010d pa u\u010denci, ki v teh dneh bivajo v njem, saj so nestrpno pri\u010dakovali, kaj jim bo prinesel drugi dan \u0161ole v naravi. V dopoldanskem \u010dasu smo izdelali preprost zemljevid okolice Doma Medved in se podali na kraj\u0161i pohod. Poleg nas v domu bivajo tudi \u017eivali. U\u010diteljice so nam jih pokazale ter nam povedale, kako \u017eivijo in s \u010dim se hranijo. Popoldne smo se v skupinah podali na orientacijski pohod, za tiste z bolj\u0161o kondicijo &#8211; orientacijski tek. Dobro sodelovanje znotraj skupine je bilo tokrat zelo pomembno. Po ve\u010derji smo se sprostili in nasmejali ob dru\u017eabnih igrah. \u017de zelo utrujeni, najbr\u017e samo \u0161e z enim u\u0161esom, smo tik pred spanjem prisluhnili \u0161e ve\u010derni pravljici.<\/p>\nngg_shortcode_1_placeholder\n<p>&nbsp;<\/p>\n<p><strong><span style=\"color: #ff9900\">******************************************************************************************************<\/span><\/strong><\/p>\n<p>&nbsp;<\/p>\n<p><span style=\"color: #3366ff\"><strong>SREDA: Zadnji dan bivanja na Medvedjem Brdu<\/strong><\/span><\/p>\n<p>Po jutranjem pospravljanju postelj je sledil okusen zajtrk. Prostega \u010dasa danes ni bilo, saj smo morali vse pospraviti v kov\u010dke in urediti sobe. Nadaljevali smo z u\u010denjem osnov astronomije in s teleskopom opazovali Sonce. O vremenu se pogovarjamo skoraj vsak dan, toda danes smo preizku\u0161ali razli\u010dne pripomo\u010dke, s katerimi dolo\u010damo smer in hitrost vetra ter temperaturo zraka. Naredili smo vsak svojega zmaj\u010dka in ga na hribu za domom tudi preizkusili. Za nagrado smo pred kosilom dobili tudi spust po toboganu. Na\u0161a \u0161ola v naravi se je zaklju\u010dila, vtisi pa ostajajo in nas bogatijo.<\/p>\n<p><em><strong>Jolanda Mur<\/strong><\/em><\/p>\n<p>&nbsp;<\/p>\nngg_shortcode_2_placeholder\n","protected":false},"excerpt":{"rendered":"<p>PONEDELJEK: Prvi dan je za nami Na\u0161o \u0161olo v naravi [&hellip;]<\/p>\n","protected":false},"author":56163,"featured_media":13601,"comment_status":"closed","ping_status":"open","sticky":false,"template":"","format":"standard","meta":{"ngg_post_thumbnail":0,"footnotes":""},"categories":[7,55],"tags":[],"class_list":["post-13597","post","type-post","status-publish","format-standard","has-post-thumbnail","hentry","category-dnevi-dejavnosti","category-dogajanje"],"_links":{"self":[{"href":"https:\/\/sola-poljane.splet.arnes.si\/index.php?rest_route=\/wp\/v2\/posts\/13597","targetHints":{"allow":["GET"]}}],"collection":[{"href":"https:\/\/sola-poljane.splet.arnes.si\/index.php?rest_route=\/wp\/v2\/posts"}],"about":[{"href":"https:\/\/sola-poljane.splet.arnes.si\/index.php?rest_route=\/wp\/v2\/types\/post"}],"author":[{"embeddable":true,"href":"https:\/\/sola-poljane.splet.arnes.si\/index.php?rest_route=\/wp\/v2\/users\/56163"}],"replies":[{"embeddable":true,"href":"https:\/\/sola-poljane.splet.arnes.si\/index.php?rest_route=%2Fwp%2Fv2%2Fcomments&post=13597"}],"version-history":[{"count":7,"href":"https:\/\/sola-poljane.splet.arnes.si\/index.php?rest_route=\/wp\/v2\/posts\/13597\/revisions"}],"predecessor-version":[{"id":13635,"href":"https:\/\/sola-poljane.splet.arnes.si\/index.php?rest_route=\/wp\/v2\/posts\/13597\/revisions\/13635"}],"wp:featuredmedia":[{"embeddable":true,"href":"https:\/\/sola-poljane.splet.arnes.si\/index.php?rest_route=\/wp\/v2\/media\/13601"}],"wp:attachment":[{"href":"https:\/\/sola-poljane.splet.arnes.si\/index.php?rest_route=%2Fwp%2Fv2%2Fmedia&parent=13597"}],"wp:term":[{"taxonomy":"category","embeddable":true,"href":"https:\/\/sola-poljane.splet.arnes.si\/index.php?rest_route=%2Fwp%2Fv2%2Fcategories&post=13597"},{"taxonomy":"post_tag","embeddable":true,"href":"https:\/\/sola-poljane.splet.arnes.si\/index.php?rest_route=%2Fwp%2Fv2%2Ftags&post=13597"}],"curies":[{"name":"wp","href":"https:\/\/api.w.org\/{rel}","templated":true}]}}