{"id":13337,"date":"2019-03-19T19:17:58","date_gmt":"2019-03-19T18:17:58","guid":{"rendered":"http:\/\/sola-poljane.splet.arnes.si\/?p=13337"},"modified":"2020-09-07T13:42:51","modified_gmt":"2020-09-07T11:42:51","slug":"triglav-moj-navdih","status":"publish","type":"post","link":"https:\/\/sola-poljane.splet.arnes.si\/?p=13337","title":{"rendered":"Triglav \u2013 moj navdih"},"content":{"rendered":"<p>Na\u0161i u\u010denci so ustvarjali tudi v okviru <span style=\"color: #0000ff\">likovnega nate\u010daja <strong>\u00bbTRIGLAV \u2013 MOJ NAVDIH\u00ab<\/strong>,<\/span> ki so ga ob podpori Zavarovalnice Triglav, d. d., OE Kranj, razpisali v Slovenskem planinskem muzeju iz Mojstrane.<br \/>\nStrokovna komisija je izmed vseh prispelih likovnih del (prispelo jih je kar 472) v vsaki starostni skupini posebej izbrala devet najbolj\u0161ih del, izmed teh pa po tri najbolj\u0161a likovna dela.<\/p>\n<p>Delo <strong><span style=\"color: #ff6600\">sedmo\u0161olke Taje Lesjak<\/span> <\/strong>je bilo izbrano med devet najbolj\u0161ih v starostni kategoriji od 7. do 9. razreda.<\/p>\n<p>Za najbolj\u0161e likovno delo (1. mesto) v starostni kategoriji od 7. do 9. razreda je bilo izbrano likovno delo, ki ga je ustvarila<strong> <span style=\"color: #ff6600\">Gaja Markelj iz 9. a razreda.<br \/>\n<\/span><\/strong>Gaja si je tako prislu\u017eila nagrado \u2013 nagradni izlet v Planico, na ogled kvalifikacij smu\u010darskih skokov,\u00a0v \u010detrtek, 21. marca 2019 ter bon za sklenitev nezgodnega zavarovanja v vi\u0161ini 40 evrov.<\/p>\n<p><span style=\"color: #ff6600\">Nagrajeno likovno delo bo razstavljeno<\/span> tudi na razstavi v stavbi Zavarovalnice Triglav v Kranju, jeseni pa tudi v Slovenskem planinskem muzeju v Mojstrani.<\/p>\n<p>&nbsp;<\/p>\n<p><em><strong>Taji in Gaji iskreno \u010destitamo!<\/strong><\/em><\/p>\n<p style=\"text-align: center\"><a href=\"http:\/\/sola-poljane.splet.arnes.si\/files\/2019\/03\/Triglav-moj-navdih-Taja-Lesjak.jpg\"><img loading=\"lazy\" decoding=\"async\" class=\"wp-image-13339 aligncenter\" src=\"http:\/\/sola-poljane.splet.arnes.si\/files\/2019\/03\/Triglav-moj-navdih-Taja-Lesjak-724x1024.jpg\" alt=\"\" width=\"459\" height=\"649\" srcset=\"https:\/\/sola-poljane.splet.arnes.si\/files\/2019\/03\/Triglav-moj-navdih-Taja-Lesjak-724x1024.jpg 724w, https:\/\/sola-poljane.splet.arnes.si\/files\/2019\/03\/Triglav-moj-navdih-Taja-Lesjak-212x300.jpg 212w, https:\/\/sola-poljane.splet.arnes.si\/files\/2019\/03\/Triglav-moj-navdih-Taja-Lesjak-768x1086.jpg 768w, https:\/\/sola-poljane.splet.arnes.si\/files\/2019\/03\/Triglav-moj-navdih-Taja-Lesjak-39x55.jpg 39w, https:\/\/sola-poljane.splet.arnes.si\/files\/2019\/03\/Triglav-moj-navdih-Taja-Lesjak-947x1339.jpg 947w, https:\/\/sola-poljane.splet.arnes.si\/files\/2019\/03\/Triglav-moj-navdih-Taja-Lesjak-624x883.jpg 624w\" sizes=\"auto, (max-width: 459px) 100vw, 459px\" \/><\/a>\u00a0 <span style=\"color: #ff0000\"><em><strong>Taja Lesjak: SRCE TRIGLAVA<\/strong><\/em><\/span><\/p>\n<p><a href=\"http:\/\/sola-poljane.splet.arnes.si\/files\/2019\/03\/Triglav-moj-navdih-Gaja-Markelj.jpg\"><img loading=\"lazy\" decoding=\"async\" class=\"wp-image-13341 aligncenter\" src=\"http:\/\/sola-poljane.splet.arnes.si\/files\/2019\/03\/Triglav-moj-navdih-Gaja-Markelj-1024x724.jpg\" alt=\"\" width=\"664\" height=\"469\" srcset=\"https:\/\/sola-poljane.splet.arnes.si\/files\/2019\/03\/Triglav-moj-navdih-Gaja-Markelj-1024x724.jpg 1024w, https:\/\/sola-poljane.splet.arnes.si\/files\/2019\/03\/Triglav-moj-navdih-Gaja-Markelj-300x212.jpg 300w, https:\/\/sola-poljane.splet.arnes.si\/files\/2019\/03\/Triglav-moj-navdih-Gaja-Markelj-768x543.jpg 768w, https:\/\/sola-poljane.splet.arnes.si\/files\/2019\/03\/Triglav-moj-navdih-Gaja-Markelj-78x55.jpg 78w, https:\/\/sola-poljane.splet.arnes.si\/files\/2019\/03\/Triglav-moj-navdih-Gaja-Markelj-947x670.jpg 947w, https:\/\/sola-poljane.splet.arnes.si\/files\/2019\/03\/Triglav-moj-navdih-Gaja-Markelj-624x441.jpg 624w\" sizes=\"auto, (max-width: 664px) 100vw, 664px\" \/><\/a><\/p>\n<p style=\"text-align: center\"><em><strong><span style=\"color: #993300\">Gaja Markelj: HARMONIJA GORA<\/span><\/strong><\/em><\/p>\n<p>&nbsp;<\/p>\n","protected":false},"excerpt":{"rendered":"<p>Na\u0161i u\u010denci so ustvarjali tudi v okviru likovnega nate\u010daja \u00bbTRIGLAV [&hellip;]<\/p>\n","protected":false},"author":56163,"featured_media":13341,"comment_status":"closed","ping_status":"open","sticky":false,"template":"","format":"standard","meta":{"ngg_post_thumbnail":0,"footnotes":""},"categories":[55,37],"tags":[],"class_list":["post-13337","post","type-post","status-publish","format-standard","has-post-thumbnail","hentry","category-dogajanje","category-natecaji"],"_links":{"self":[{"href":"https:\/\/sola-poljane.splet.arnes.si\/index.php?rest_route=\/wp\/v2\/posts\/13337","targetHints":{"allow":["GET"]}}],"collection":[{"href":"https:\/\/sola-poljane.splet.arnes.si\/index.php?rest_route=\/wp\/v2\/posts"}],"about":[{"href":"https:\/\/sola-poljane.splet.arnes.si\/index.php?rest_route=\/wp\/v2\/types\/post"}],"author":[{"embeddable":true,"href":"https:\/\/sola-poljane.splet.arnes.si\/index.php?rest_route=\/wp\/v2\/users\/56163"}],"replies":[{"embeddable":true,"href":"https:\/\/sola-poljane.splet.arnes.si\/index.php?rest_route=%2Fwp%2Fv2%2Fcomments&post=13337"}],"version-history":[{"count":3,"href":"https:\/\/sola-poljane.splet.arnes.si\/index.php?rest_route=\/wp\/v2\/posts\/13337\/revisions"}],"predecessor-version":[{"id":13355,"href":"https:\/\/sola-poljane.splet.arnes.si\/index.php?rest_route=\/wp\/v2\/posts\/13337\/revisions\/13355"}],"wp:featuredmedia":[{"embeddable":true,"href":"https:\/\/sola-poljane.splet.arnes.si\/index.php?rest_route=\/wp\/v2\/media\/13341"}],"wp:attachment":[{"href":"https:\/\/sola-poljane.splet.arnes.si\/index.php?rest_route=%2Fwp%2Fv2%2Fmedia&parent=13337"}],"wp:term":[{"taxonomy":"category","embeddable":true,"href":"https:\/\/sola-poljane.splet.arnes.si\/index.php?rest_route=%2Fwp%2Fv2%2Fcategories&post=13337"},{"taxonomy":"post_tag","embeddable":true,"href":"https:\/\/sola-poljane.splet.arnes.si\/index.php?rest_route=%2Fwp%2Fv2%2Ftags&post=13337"}],"curies":[{"name":"wp","href":"https:\/\/api.w.org\/{rel}","templated":true}]}}