{"id":13327,"date":"2019-03-19T19:01:03","date_gmt":"2019-03-19T18:01:03","guid":{"rendered":"http:\/\/sola-poljane.splet.arnes.si\/?p=13327"},"modified":"2020-09-07T13:42:51","modified_gmt":"2020-09-07T11:42:51","slug":"nasmeh-ker-mi-je-mar-povsod-in-za-vsakogar","status":"publish","type":"post","link":"https:\/\/sola-poljane.splet.arnes.si\/?p=13327","title":{"rendered":"Nasmeh. Ker mi je mar. Povsod in za vsakogar."},"content":{"rendered":"<p><span style=\"color: #000000\">O\u0160 Ivana Tav\u010darja Gorenja vas je v sodelovanju z Rde\u010dim kri\u017eem Slovenije, Mestnim muzejem Idrija in KUD Trata Gorenja vas v <strong><span style=\"color: #ff0000\">TEDNU RDE\u010cEGA KRI\u017dA<\/span> <\/strong>razpisala<strong><span style=\"color: #008000\"> 9. Mednarodni nate\u010daj Otroci pomagajo otrokom.<\/span><\/strong> Naslov nate\u010daja se je glasil: <span style=\"color: #008000\">\u00bbNasmeh, ker mi je mar povsod in za vsakogar.\u00ab<\/span><\/span><\/p>\n<p><span style=\"color: #000000\">Sodelovalo je kar 121 \u0161ol z 817 deli. Na\u0161a u\u010denka <strong><span style=\"color: #0000ff\">Elin Kos<\/span> <\/strong>iz 9. a razreda se je uvrstila na <strong><span style=\"color: #0000ff\">3. mesto<\/span><\/strong>. Za nagrado bo prejela vikend paket na Debelem rti\u010du. Razstavo si lahko ogledate v O\u0160 Gorenja vas.<\/span><\/p>\n<p>&nbsp;<\/p>\n<p><em><strong><span style=\"color: #000000\">Elin, \u010destitamo!<\/span><\/strong><\/em><\/p>\n<p><a href=\"http:\/\/sola-poljane.splet.arnes.si\/files\/2019\/03\/RK-nasmeh-ker-mi-je-mar-povsod..-Elin-Kos.jpg\"><img loading=\"lazy\" decoding=\"async\" class=\"alignnone size-large wp-image-13329\" src=\"http:\/\/sola-poljane.splet.arnes.si\/files\/2019\/03\/RK-nasmeh-ker-mi-je-mar-povsod..-Elin-Kos-724x1024.jpg\" alt=\"\" width=\"724\" height=\"1024\" srcset=\"https:\/\/sola-poljane.splet.arnes.si\/files\/2019\/03\/RK-nasmeh-ker-mi-je-mar-povsod..-Elin-Kos-724x1024.jpg 724w, https:\/\/sola-poljane.splet.arnes.si\/files\/2019\/03\/RK-nasmeh-ker-mi-je-mar-povsod..-Elin-Kos-212x300.jpg 212w, https:\/\/sola-poljane.splet.arnes.si\/files\/2019\/03\/RK-nasmeh-ker-mi-je-mar-povsod..-Elin-Kos-768x1086.jpg 768w, https:\/\/sola-poljane.splet.arnes.si\/files\/2019\/03\/RK-nasmeh-ker-mi-je-mar-povsod..-Elin-Kos-39x55.jpg 39w, https:\/\/sola-poljane.splet.arnes.si\/files\/2019\/03\/RK-nasmeh-ker-mi-je-mar-povsod..-Elin-Kos-947x1339.jpg 947w, https:\/\/sola-poljane.splet.arnes.si\/files\/2019\/03\/RK-nasmeh-ker-mi-je-mar-povsod..-Elin-Kos-624x883.jpg 624w\" sizes=\"auto, (max-width: 724px) 100vw, 724px\" \/><\/a><a href=\"http:\/\/sola-poljane.splet.arnes.si\/files\/2019\/03\/Elin-Kos.jpg\"><img loading=\"lazy\" decoding=\"async\" class=\"wp-image-13333 aligncenter\" src=\"http:\/\/sola-poljane.splet.arnes.si\/files\/2019\/03\/Elin-Kos-724x1024.jpg\" alt=\"\" width=\"494\" height=\"699\" srcset=\"https:\/\/sola-poljane.splet.arnes.si\/files\/2019\/03\/Elin-Kos-724x1024.jpg 724w, https:\/\/sola-poljane.splet.arnes.si\/files\/2019\/03\/Elin-Kos-212x300.jpg 212w, https:\/\/sola-poljane.splet.arnes.si\/files\/2019\/03\/Elin-Kos-768x1086.jpg 768w, https:\/\/sola-poljane.splet.arnes.si\/files\/2019\/03\/Elin-Kos-39x55.jpg 39w, https:\/\/sola-poljane.splet.arnes.si\/files\/2019\/03\/Elin-Kos-947x1339.jpg 947w, https:\/\/sola-poljane.splet.arnes.si\/files\/2019\/03\/Elin-Kos-624x883.jpg 624w\" sizes=\"auto, (max-width: 494px) 100vw, 494px\" \/><\/a><\/p>\n","protected":false},"excerpt":{"rendered":"<p>O\u0160 Ivana Tav\u010darja Gorenja vas je v sodelovanju z Rde\u010dim [&hellip;]<\/p>\n","protected":false},"author":56163,"featured_media":13333,"comment_status":"closed","ping_status":"open","sticky":false,"template":"","format":"standard","meta":{"ngg_post_thumbnail":0,"footnotes":""},"categories":[55,37],"tags":[],"class_list":["post-13327","post","type-post","status-publish","format-standard","has-post-thumbnail","hentry","category-dogajanje","category-natecaji"],"_links":{"self":[{"href":"https:\/\/sola-poljane.splet.arnes.si\/index.php?rest_route=\/wp\/v2\/posts\/13327","targetHints":{"allow":["GET"]}}],"collection":[{"href":"https:\/\/sola-poljane.splet.arnes.si\/index.php?rest_route=\/wp\/v2\/posts"}],"about":[{"href":"https:\/\/sola-poljane.splet.arnes.si\/index.php?rest_route=\/wp\/v2\/types\/post"}],"author":[{"embeddable":true,"href":"https:\/\/sola-poljane.splet.arnes.si\/index.php?rest_route=\/wp\/v2\/users\/56163"}],"replies":[{"embeddable":true,"href":"https:\/\/sola-poljane.splet.arnes.si\/index.php?rest_route=%2Fwp%2Fv2%2Fcomments&post=13327"}],"version-history":[{"count":1,"href":"https:\/\/sola-poljane.splet.arnes.si\/index.php?rest_route=\/wp\/v2\/posts\/13327\/revisions"}],"predecessor-version":[{"id":13335,"href":"https:\/\/sola-poljane.splet.arnes.si\/index.php?rest_route=\/wp\/v2\/posts\/13327\/revisions\/13335"}],"wp:featuredmedia":[{"embeddable":true,"href":"https:\/\/sola-poljane.splet.arnes.si\/index.php?rest_route=\/wp\/v2\/media\/13333"}],"wp:attachment":[{"href":"https:\/\/sola-poljane.splet.arnes.si\/index.php?rest_route=%2Fwp%2Fv2%2Fmedia&parent=13327"}],"wp:term":[{"taxonomy":"category","embeddable":true,"href":"https:\/\/sola-poljane.splet.arnes.si\/index.php?rest_route=%2Fwp%2Fv2%2Fcategories&post=13327"},{"taxonomy":"post_tag","embeddable":true,"href":"https:\/\/sola-poljane.splet.arnes.si\/index.php?rest_route=%2Fwp%2Fv2%2Ftags&post=13327"}],"curies":[{"name":"wp","href":"https:\/\/api.w.org\/{rel}","templated":true}]}}