{"id":13303,"date":"2019-03-15T12:35:38","date_gmt":"2019-03-15T11:35:38","guid":{"rendered":"http:\/\/sola-poljane.splet.arnes.si\/?p=13303"},"modified":"2020-09-07T13:42:51","modified_gmt":"2020-09-07T11:42:51","slug":"drzavno-prvenstvo-v-skokih-planica","status":"publish","type":"post","link":"https:\/\/sola-poljane.splet.arnes.si\/?p=13303","title":{"rendered":"Dr\u017eavno prvenstvo v skokih \u2013 Planica"},"content":{"rendered":"<p>V torek, 12. marca, smo se udele\u017eili dr\u017eavnega prvenstva <strong><span style=\"color: #3366ff\">v skokih z alpskimi smu\u010dmi v Planici<\/span><\/strong>.<\/p>\n<p>Zopet so u\u010denci u\u017eivali v lepem son\u010dnem dnevu in prikazali odli\u010dne skoke. Lanskemu dr\u017eavnemu prvaku <strong><span style=\"color: #3366ff\">Andra\u017eu \u0160ubicu<\/span><\/strong> je tokrat zmanjkalo le \u010detrt metra, da bi ponovil lanskoletni uspeh, ampak kljub temu je bil zadovoljen na drugem mestu, saj se mu je na tretjem mestu pridru\u017eil \u0161e <strong><span style=\"color: #3366ff\">O\u017ebej Dolenec<\/span><\/strong> iz 2. razreda. Na tretjo stopni\u010dko se je med prvo\u0161olci povzpel \u0161e <strong><span style=\"color: #3366ff\">\u017diga<\/span><span style=\"color: #3366ff\"><strong>\u00a0<\/strong>\u0160ubic<\/span><\/strong>. U\u010denci, uvr\u0161\u010deni do 6. mesta, so za nagrado prejeli Manerjeve \u010delade. Razveselili so se jih <strong><span style=\"color: #ff6600\">Maru\u0161a \u0160ubic<\/span><\/strong> za 5. mesto ter <strong><span style=\"color: #ff6600\">Kri\u0161tof \u0160tefe\u00a0<\/span><\/strong>in <strong><span style=\"color: #ff6600\">Kri\u0161tof Pisk<\/span> <\/strong>za 6. mesto.<\/p>\n<p><strong><span style=\"color: #0000ff\">\u010cestitke!!!<\/span><\/strong><\/p>\n<p>Vse rezultate in fotoutrinke si lahko ogledate v prilogi.<\/p>\n<p><em><strong>Uro\u0161 \u010cade\u017e<\/strong><\/em><\/p>\n<p>&nbsp;<\/p>\n<p><strong><span style=\"color: #000080\">REZULTATI<br \/>\n<\/span><\/strong><a href=\"http:\/\/sola-poljane.splet.arnes.si\/files\/2019\/03\/smucarski_SKOKI_OS_rezultati_SST_2018_19.xlsx\">smucarski_SKOKI_OS_rezultati_SST_2018_19<\/a><\/p>\n<p>&nbsp;<\/p>\nngg_shortcode_0_placeholder\n","protected":false},"excerpt":{"rendered":"<p>V torek, 12. marca, smo se udele\u017eili dr\u017eavnega prvenstva v [&hellip;]<\/p>\n","protected":false},"author":56163,"featured_media":13311,"comment_status":"closed","ping_status":"open","sticky":false,"template":"","format":"standard","meta":{"ngg_post_thumbnail":0,"footnotes":""},"categories":[55,59],"tags":[],"class_list":["post-13303","post","type-post","status-publish","format-standard","has-post-thumbnail","hentry","category-dogajanje","category-sportna-tekmovanja"],"_links":{"self":[{"href":"https:\/\/sola-poljane.splet.arnes.si\/index.php?rest_route=\/wp\/v2\/posts\/13303","targetHints":{"allow":["GET"]}}],"collection":[{"href":"https:\/\/sola-poljane.splet.arnes.si\/index.php?rest_route=\/wp\/v2\/posts"}],"about":[{"href":"https:\/\/sola-poljane.splet.arnes.si\/index.php?rest_route=\/wp\/v2\/types\/post"}],"author":[{"embeddable":true,"href":"https:\/\/sola-poljane.splet.arnes.si\/index.php?rest_route=\/wp\/v2\/users\/56163"}],"replies":[{"embeddable":true,"href":"https:\/\/sola-poljane.splet.arnes.si\/index.php?rest_route=%2Fwp%2Fv2%2Fcomments&post=13303"}],"version-history":[{"count":5,"href":"https:\/\/sola-poljane.splet.arnes.si\/index.php?rest_route=\/wp\/v2\/posts\/13303\/revisions"}],"predecessor-version":[{"id":13325,"href":"https:\/\/sola-poljane.splet.arnes.si\/index.php?rest_route=\/wp\/v2\/posts\/13303\/revisions\/13325"}],"wp:featuredmedia":[{"embeddable":true,"href":"https:\/\/sola-poljane.splet.arnes.si\/index.php?rest_route=\/wp\/v2\/media\/13311"}],"wp:attachment":[{"href":"https:\/\/sola-poljane.splet.arnes.si\/index.php?rest_route=%2Fwp%2Fv2%2Fmedia&parent=13303"}],"wp:term":[{"taxonomy":"category","embeddable":true,"href":"https:\/\/sola-poljane.splet.arnes.si\/index.php?rest_route=%2Fwp%2Fv2%2Fcategories&post=13303"},{"taxonomy":"post_tag","embeddable":true,"href":"https:\/\/sola-poljane.splet.arnes.si\/index.php?rest_route=%2Fwp%2Fv2%2Ftags&post=13303"}],"curies":[{"name":"wp","href":"https:\/\/api.w.org\/{rel}","templated":true}]}}