{"id":13173,"date":"2019-02-25T13:08:20","date_gmt":"2019-02-25T12:08:20","guid":{"rendered":"http:\/\/sola-poljane.splet.arnes.si\/?p=13173"},"modified":"2020-09-07T13:42:51","modified_gmt":"2020-09-07T11:42:51","slug":"podrocno-tekmovanje-v-kosarki-za-mlajse-decke","status":"publish","type":"post","link":"https:\/\/sola-poljane.splet.arnes.si\/?p=13173","title":{"rendered":"Podro\u010dno tekmovanje v ko\u0161arki za mlaj\u0161e de\u010dke"},"content":{"rendered":"<p>V \u010detrtek, 21. februarja,\u00a0 je v Kranju potekalo podro\u010dno tekmovanje za mlaj\u0161e de\u010dke v ko\u0161arki. Na to tekmovanje sta se poleg <strong><span style=\"color: #000080\">O\u0160 Poljane<\/span><\/strong> uvrstili\u00a0\u0161e <span style=\"color: #000080\"><strong>O\u0160 Simona Jenka<\/strong><\/span> in <span style=\"color: #000080\"><strong>O\u0160 Jakoba Alja\u017ea<\/strong><\/span>. Tekmovanje je potekalo na visokem nivoju in je bilo kljub druga\u010dnim pri\u010dakovanjem izredno izena\u010deno.<br \/>\n<strong><span style=\"color: #3366ff\">Na\u0161a ekipa se je najprej pomerila z ekipo O\u0160 Simona Jenka<\/span><\/strong>. Skozi celotno tekmo se je vodstvo izmenjevalo, tako da je bila v prednosti sedaj ena, potem druga ekipa. Tudi obe tretjini sta se kon\u010dali z neodlo\u010denim rezultatom. V zadnji tretjini se je vseeno izkazala na\u0161a ekipa in ob resni\u010dno odli\u010dni igri strla odpor nasprotnikov ter tako slavila prvo zmago z rezultatom 35 : 32. Seveda je bilo veselje ob dose\u017eeni zmagi veliko.<br \/>\nV nadaljevanju je sledila \u0161e bolj izena\u010dena tekma, in sicer <strong><span style=\"color: #3366ff\">med doma\u010dima ekipama O\u0160 Jakoba Alja\u017ea in O\u0160 Simona Jenka<\/span><\/strong>. Za to, da smo dobili zmagovalca, sta bila potreba kar dva podalj\u0161ka. Na koncu je slavila ekipa O\u0160 Simona Jenka. Po eni strani za nas najslab\u0161i scenarij, saj je to pomenilo, da smo za uvrstitev naprej v zadnji tekmi moralo premagati ekipo<strong><span style=\"color: #3366ff\"> O\u0160 Jakoba Alja\u017ea<\/span><\/strong>.<br \/>\nPred na\u0161o ekipo je bila pomembna naloga. \u017de na za\u010detku ji met ni stekel tako kot v prvi tekmi, zlasti smo bili neuspe\u0161ni pri izvajanju prostih metov. Pojavljale so se tudi napake v obrambi. Razlika je v drugi tretjini po\u010dasi nara\u0161\u010dala in na\u0161a ekipa se ni ve\u010d uspela priklju\u010diti. Kon\u010dni rezultat je bil 34 : 23 za O\u0160 Jakoba Alja\u017ea. S to zmago so postali gorenjski prvaki, <strong><span style=\"color: #3366ff\">na\u0161a ekipa pa se je morala \u017eal zadovoljiti s tretjim mestom.<\/span><\/strong><\/p>\n<p><span style=\"color: #3366ff\"><strong>Za ekipo O\u0160 Poljane so nastopa<span style=\"color: #3366ff\">l<\/span>i:<\/strong><\/span> David Omejc, Nejc Milinovi\u010d, Jaka Pade\u017enik, Lena Grebenc, Ga\u0161per \u010cade\u017e, Tilen Mrak, O\u017ebej Krek, Dominik Pisk, Nejc Klemen\u010di\u010d, Jaka Kalamar, Elin Mrak.<\/p>\n<p>Vsi nastopajo\u010di si zaslu\u017eijo \u010destitke za po\u017ertvovalno igro, v prihodnje pa \u0161e malo \u0161portne sre\u010de za preboj na dr\u017eavno raven tekmovanja.<\/p>\n<p>&nbsp;<\/p>\nngg_shortcode_0_placeholder\n","protected":false},"excerpt":{"rendered":"<p>V \u010detrtek, 21. februarja,\u00a0 je v Kranju potekalo podro\u010dno tekmovanje [&hellip;]<\/p>\n","protected":false},"author":56163,"featured_media":13185,"comment_status":"closed","ping_status":"open","sticky":false,"template":"","format":"standard","meta":{"ngg_post_thumbnail":0,"footnotes":""},"categories":[55,59],"tags":[],"class_list":["post-13173","post","type-post","status-publish","format-standard","has-post-thumbnail","hentry","category-dogajanje","category-sportna-tekmovanja"],"_links":{"self":[{"href":"https:\/\/sola-poljane.splet.arnes.si\/index.php?rest_route=\/wp\/v2\/posts\/13173","targetHints":{"allow":["GET"]}}],"collection":[{"href":"https:\/\/sola-poljane.splet.arnes.si\/index.php?rest_route=\/wp\/v2\/posts"}],"about":[{"href":"https:\/\/sola-poljane.splet.arnes.si\/index.php?rest_route=\/wp\/v2\/types\/post"}],"author":[{"embeddable":true,"href":"https:\/\/sola-poljane.splet.arnes.si\/index.php?rest_route=\/wp\/v2\/users\/56163"}],"replies":[{"embeddable":true,"href":"https:\/\/sola-poljane.splet.arnes.si\/index.php?rest_route=%2Fwp%2Fv2%2Fcomments&post=13173"}],"version-history":[{"count":4,"href":"https:\/\/sola-poljane.splet.arnes.si\/index.php?rest_route=\/wp\/v2\/posts\/13173\/revisions"}],"predecessor-version":[{"id":13183,"href":"https:\/\/sola-poljane.splet.arnes.si\/index.php?rest_route=\/wp\/v2\/posts\/13173\/revisions\/13183"}],"wp:featuredmedia":[{"embeddable":true,"href":"https:\/\/sola-poljane.splet.arnes.si\/index.php?rest_route=\/wp\/v2\/media\/13185"}],"wp:attachment":[{"href":"https:\/\/sola-poljane.splet.arnes.si\/index.php?rest_route=%2Fwp%2Fv2%2Fmedia&parent=13173"}],"wp:term":[{"taxonomy":"category","embeddable":true,"href":"https:\/\/sola-poljane.splet.arnes.si\/index.php?rest_route=%2Fwp%2Fv2%2Fcategories&post=13173"},{"taxonomy":"post_tag","embeddable":true,"href":"https:\/\/sola-poljane.splet.arnes.si\/index.php?rest_route=%2Fwp%2Fv2%2Ftags&post=13173"}],"curies":[{"name":"wp","href":"https:\/\/api.w.org\/{rel}","templated":true}]}}