{"id":13163,"date":"2019-02-21T13:02:09","date_gmt":"2019-02-21T12:02:09","guid":{"rendered":"http:\/\/sola-poljane.splet.arnes.si\/?p=13163"},"modified":"2020-09-07T13:42:51","modified_gmt":"2020-09-07T11:42:51","slug":"drugosolci-uzivali-na-snegu-2","status":"publish","type":"post","link":"https:\/\/sola-poljane.splet.arnes.si\/?p=13163","title":{"rendered":"Drugo\u0161olci u\u017eivali na snegu"},"content":{"rendered":"<p>V torek, 19. 2. 2019, so imeli u\u010denci 2. razreda pravi zimski \u0161portni dan. Polni pri\u010dakovanj so se odpeljali proti Javorjem, kjer je ena skupina izstopila in pe\u0161 nadaljevala do sne\u017enega parka na Starem vrhu. Druga skupina se je odpeljala do sne\u017enega parka in pri\u010dela s sankanjem. Na sankali\u0161\u010du je u\u010dence pri\u010dakala proga, ki je bila namenjena le njim. Najprej so dolo\u010dili pravila sankanja, saj so \u017eeleli poskrbeti za svojo in tujo varnost. Po malici, ki so jo vsi te\u017eko \u010dakali, sta se skupini zamenjali. V \u010dudovitem son\u010dnem vremenu so pre\u017eiveli zelo aktiven dan na snegu in se vsi utrujeni vrnili nazaj v \u0161olo.<\/p>\n<p>Zapisala u\u010diteljica <em><strong>Maja Tr\u010dek<\/strong><\/em><\/p>\n<p>&nbsp;<\/p>\nngg_shortcode_0_placeholder\n","protected":false},"excerpt":{"rendered":"<p>V torek, 19. 2. 2019, so imeli u\u010denci 2. razreda [&hellip;]<\/p>\n","protected":false},"author":56163,"featured_media":13167,"comment_status":"closed","ping_status":"open","sticky":false,"template":"","format":"standard","meta":{"ngg_post_thumbnail":0,"footnotes":""},"categories":[7,55],"tags":[],"class_list":["post-13163","post","type-post","status-publish","format-standard","has-post-thumbnail","hentry","category-dnevi-dejavnosti","category-dogajanje"],"_links":{"self":[{"href":"https:\/\/sola-poljane.splet.arnes.si\/index.php?rest_route=\/wp\/v2\/posts\/13163","targetHints":{"allow":["GET"]}}],"collection":[{"href":"https:\/\/sola-poljane.splet.arnes.si\/index.php?rest_route=\/wp\/v2\/posts"}],"about":[{"href":"https:\/\/sola-poljane.splet.arnes.si\/index.php?rest_route=\/wp\/v2\/types\/post"}],"author":[{"embeddable":true,"href":"https:\/\/sola-poljane.splet.arnes.si\/index.php?rest_route=\/wp\/v2\/users\/56163"}],"replies":[{"embeddable":true,"href":"https:\/\/sola-poljane.splet.arnes.si\/index.php?rest_route=%2Fwp%2Fv2%2Fcomments&post=13163"}],"version-history":[{"count":2,"href":"https:\/\/sola-poljane.splet.arnes.si\/index.php?rest_route=\/wp\/v2\/posts\/13163\/revisions"}],"predecessor-version":[{"id":13169,"href":"https:\/\/sola-poljane.splet.arnes.si\/index.php?rest_route=\/wp\/v2\/posts\/13163\/revisions\/13169"}],"wp:featuredmedia":[{"embeddable":true,"href":"https:\/\/sola-poljane.splet.arnes.si\/index.php?rest_route=\/wp\/v2\/media\/13167"}],"wp:attachment":[{"href":"https:\/\/sola-poljane.splet.arnes.si\/index.php?rest_route=%2Fwp%2Fv2%2Fmedia&parent=13163"}],"wp:term":[{"taxonomy":"category","embeddable":true,"href":"https:\/\/sola-poljane.splet.arnes.si\/index.php?rest_route=%2Fwp%2Fv2%2Fcategories&post=13163"},{"taxonomy":"post_tag","embeddable":true,"href":"https:\/\/sola-poljane.splet.arnes.si\/index.php?rest_route=%2Fwp%2Fv2%2Ftags&post=13163"}],"curies":[{"name":"wp","href":"https:\/\/api.w.org\/{rel}","templated":true}]}}