{"id":12839,"date":"2019-02-13T21:06:16","date_gmt":"2019-02-13T20:06:16","guid":{"rendered":"http:\/\/sola-poljane.splet.arnes.si\/?p=12839"},"modified":"2020-09-07T13:42:52","modified_gmt":"2020-09-07T11:42:52","slug":"podrocno-prvenstvo-gorenjske-v-smucarskih-skokih-z-alpskimi-smucmi-za-osnovne-sole","status":"publish","type":"post","link":"https:\/\/sola-poljane.splet.arnes.si\/?p=12839","title":{"rendered":"Podro\u010dno prvenstvo Gorenjske v smu\u010darskih skokih z alpskimi smu\u010dmi za osnovne \u0161ole"},"content":{"rendered":"<p>V Sebejah pri Tr\u017ei\u010du je v torek, 12. februarja 2019, potekalo tekmovanje za u\u010dence in u\u010denke od prvega do \u010detrtega razreda. O\u0160 Poljane je z najve\u010djim \u0161tevilom udele\u017eencev ponovno nastopila odli\u010dno. Osvojili smo pet medalj in \u0161e ve\u010d odli\u010dnih uvrstitev, ki si jih lahko ogledate v priponki. Zeleno obarvani u\u010denci do 10. mesta in u\u010denke do 6. mesta so si priborili pravico nastopa na dr\u017eavnem tekmovanju, ki bo potekalo 7. marca 2019. Nadaljnje informacije sledijo.<\/p>\n<p><a href=\"http:\/\/sola-poljane.splet.arnes.si\/files\/2019\/02\/REZULTATI-SKOKI_12.2.2019.xlsx\">REZULTATI SKOKI_12.2.2019<\/a><\/p>\n<p>Spodaj pa si lahko pogledate tudi nekaj foto utrinkov. \u010cestitke vsem nastopajo\u010dim!!!<\/p>\n<p>&nbsp;<\/p>\n<p><em><strong>Uro\u0161 \u010cade\u017e<\/strong><\/em><\/p>\nngg_shortcode_0_placeholder\n<p>&nbsp;<\/p>\n<p>&nbsp;<\/p>\n","protected":false},"excerpt":{"rendered":"<p>V Sebejah pri Tr\u017ei\u010du je v torek, 12. februarja 2019, [&hellip;]<\/p>\n","protected":false},"author":56163,"featured_media":12845,"comment_status":"closed","ping_status":"open","sticky":false,"template":"","format":"standard","meta":{"ngg_post_thumbnail":0,"footnotes":""},"categories":[55,59],"tags":[],"class_list":["post-12839","post","type-post","status-publish","format-standard","has-post-thumbnail","hentry","category-dogajanje","category-sportna-tekmovanja"],"_links":{"self":[{"href":"https:\/\/sola-poljane.splet.arnes.si\/index.php?rest_route=\/wp\/v2\/posts\/12839","targetHints":{"allow":["GET"]}}],"collection":[{"href":"https:\/\/sola-poljane.splet.arnes.si\/index.php?rest_route=\/wp\/v2\/posts"}],"about":[{"href":"https:\/\/sola-poljane.splet.arnes.si\/index.php?rest_route=\/wp\/v2\/types\/post"}],"author":[{"embeddable":true,"href":"https:\/\/sola-poljane.splet.arnes.si\/index.php?rest_route=\/wp\/v2\/users\/56163"}],"replies":[{"embeddable":true,"href":"https:\/\/sola-poljane.splet.arnes.si\/index.php?rest_route=%2Fwp%2Fv2%2Fcomments&post=12839"}],"version-history":[{"count":7,"href":"https:\/\/sola-poljane.splet.arnes.si\/index.php?rest_route=\/wp\/v2\/posts\/12839\/revisions"}],"predecessor-version":[{"id":12871,"href":"https:\/\/sola-poljane.splet.arnes.si\/index.php?rest_route=\/wp\/v2\/posts\/12839\/revisions\/12871"}],"wp:featuredmedia":[{"embeddable":true,"href":"https:\/\/sola-poljane.splet.arnes.si\/index.php?rest_route=\/wp\/v2\/media\/12845"}],"wp:attachment":[{"href":"https:\/\/sola-poljane.splet.arnes.si\/index.php?rest_route=%2Fwp%2Fv2%2Fmedia&parent=12839"}],"wp:term":[{"taxonomy":"category","embeddable":true,"href":"https:\/\/sola-poljane.splet.arnes.si\/index.php?rest_route=%2Fwp%2Fv2%2Fcategories&post=12839"},{"taxonomy":"post_tag","embeddable":true,"href":"https:\/\/sola-poljane.splet.arnes.si\/index.php?rest_route=%2Fwp%2Fv2%2Ftags&post=12839"}],"curies":[{"name":"wp","href":"https:\/\/api.w.org\/{rel}","templated":true}]}}