{"id":12747,"date":"2019-01-30T19:56:58","date_gmt":"2019-01-30T18:56:58","guid":{"rendered":"http:\/\/sola-poljane.splet.arnes.si\/?p=12747"},"modified":"2020-09-07T13:43:09","modified_gmt":"2020-09-07T11:43:09","slug":"predstavitev-srednjih-sol-2","status":"publish","type":"post","link":"https:\/\/sola-poljane.splet.arnes.si\/?p=12747","title":{"rendered":"Predstavitev srednjih \u0161ol"},"content":{"rendered":"<p>V torek, 22. januarja, smo imeli zopet predstavitev srednjih \u0161ol za u\u010denke in u\u010dence 8. in 9. razredov.<\/p>\n<p><span style=\"color: #ff6600\"><strong>Tokrat so nas obiskale naslednje srednje \u0161ole:<\/strong><\/span><br \/>\n\u0160olski center Kranj \u2013 Srednja tehni\u0161ka \u0161ola,<br \/>\nBiotehni\u0161ki center Naklo,<br \/>\nSrednja gostinska in turisti\u010dna \u0161ola Radovljica,<br \/>\nSrednja \u0161ola za farmacijo, kozmetiko in zdravstvo Ljubljana,<br \/>\n\u0160olski center Kranj \u2013 Srednja ekonomska, storitvena in gradbena \u0161ola,<br \/>\nGimnazija \u0160kofja Loka,<br \/>\n\u0160olski center \u0160kofja Loka \u2013 Srednja \u0161ola za strojni\u0161tvo,<br \/>\nSrednja medijska in grafi\u010dna \u0161ola Ljubljana,<br \/>\n\u0160olski center \u0160kofja Loka \u2013 Srednja \u0161ola za lesarstvo,<br \/>\nSrednja \u0161ola Jesenice,<br \/>\nGimnazija Franceta Pre\u0161erna.<\/p>\n<p style=\"text-align: center\">\n<p><a href=\"http:\/\/sola-poljane.splet.arnes.si\/files\/2019\/01\/IMG_20190123_0656191.jpg\"><img loading=\"lazy\" decoding=\"async\" class=\"size-medium wp-image-12749 aligncenter\" src=\"http:\/\/sola-poljane.splet.arnes.si\/files\/2019\/01\/IMG_20190123_0656191-300x225.jpg\" alt=\"\" width=\"300\" height=\"225\" srcset=\"https:\/\/sola-poljane.splet.arnes.si\/files\/2019\/01\/IMG_20190123_0656191-300x225.jpg 300w, https:\/\/sola-poljane.splet.arnes.si\/files\/2019\/01\/IMG_20190123_0656191-768x576.jpg 768w, https:\/\/sola-poljane.splet.arnes.si\/files\/2019\/01\/IMG_20190123_0656191-1024x768.jpg 1024w, https:\/\/sola-poljane.splet.arnes.si\/files\/2019\/01\/IMG_20190123_0656191-73x55.jpg 73w, https:\/\/sola-poljane.splet.arnes.si\/files\/2019\/01\/IMG_20190123_0656191-947x710.jpg 947w, https:\/\/sola-poljane.splet.arnes.si\/files\/2019\/01\/IMG_20190123_0656191-624x468.jpg 624w\" sizes=\"auto, (max-width: 300px) 100vw, 300px\" \/><\/a><\/p>\n<p>&nbsp;<\/p>\n<p><a href=\"http:\/\/sola-poljane.splet.arnes.si\/files\/2019\/01\/IMG_20190124_1235001.jpg\"><img loading=\"lazy\" decoding=\"async\" class=\"size-medium wp-image-12751 aligncenter\" src=\"http:\/\/sola-poljane.splet.arnes.si\/files\/2019\/01\/IMG_20190124_1235001-300x225.jpg\" alt=\"\" width=\"300\" height=\"225\" srcset=\"https:\/\/sola-poljane.splet.arnes.si\/files\/2019\/01\/IMG_20190124_1235001-300x225.jpg 300w, https:\/\/sola-poljane.splet.arnes.si\/files\/2019\/01\/IMG_20190124_1235001-768x576.jpg 768w, https:\/\/sola-poljane.splet.arnes.si\/files\/2019\/01\/IMG_20190124_1235001-1024x768.jpg 1024w, https:\/\/sola-poljane.splet.arnes.si\/files\/2019\/01\/IMG_20190124_1235001-73x55.jpg 73w, https:\/\/sola-poljane.splet.arnes.si\/files\/2019\/01\/IMG_20190124_1235001-947x710.jpg 947w, https:\/\/sola-poljane.splet.arnes.si\/files\/2019\/01\/IMG_20190124_1235001-624x468.jpg 624w\" sizes=\"auto, (max-width: 300px) 100vw, 300px\" \/><\/a><\/p>\n","protected":false},"excerpt":{"rendered":"<p>V torek, 22. januarja, smo imeli zopet predstavitev srednjih \u0161ol [&hellip;]<\/p>\n","protected":false},"author":56163,"featured_media":12751,"comment_status":"closed","ping_status":"open","sticky":false,"template":"","format":"standard","meta":{"ngg_post_thumbnail":0,"footnotes":""},"categories":[39,55,13],"tags":[],"class_list":["post-12747","post","type-post","status-publish","format-standard","has-post-thumbnail","hentry","category-3-triletje","category-dogajanje","category-ostalo-2-triada"],"_links":{"self":[{"href":"https:\/\/sola-poljane.splet.arnes.si\/index.php?rest_route=\/wp\/v2\/posts\/12747","targetHints":{"allow":["GET"]}}],"collection":[{"href":"https:\/\/sola-poljane.splet.arnes.si\/index.php?rest_route=\/wp\/v2\/posts"}],"about":[{"href":"https:\/\/sola-poljane.splet.arnes.si\/index.php?rest_route=\/wp\/v2\/types\/post"}],"author":[{"embeddable":true,"href":"https:\/\/sola-poljane.splet.arnes.si\/index.php?rest_route=\/wp\/v2\/users\/56163"}],"replies":[{"embeddable":true,"href":"https:\/\/sola-poljane.splet.arnes.si\/index.php?rest_route=%2Fwp%2Fv2%2Fcomments&post=12747"}],"version-history":[{"count":2,"href":"https:\/\/sola-poljane.splet.arnes.si\/index.php?rest_route=\/wp\/v2\/posts\/12747\/revisions"}],"predecessor-version":[{"id":12755,"href":"https:\/\/sola-poljane.splet.arnes.si\/index.php?rest_route=\/wp\/v2\/posts\/12747\/revisions\/12755"}],"wp:featuredmedia":[{"embeddable":true,"href":"https:\/\/sola-poljane.splet.arnes.si\/index.php?rest_route=\/wp\/v2\/media\/12751"}],"wp:attachment":[{"href":"https:\/\/sola-poljane.splet.arnes.si\/index.php?rest_route=%2Fwp%2Fv2%2Fmedia&parent=12747"}],"wp:term":[{"taxonomy":"category","embeddable":true,"href":"https:\/\/sola-poljane.splet.arnes.si\/index.php?rest_route=%2Fwp%2Fv2%2Fcategories&post=12747"},{"taxonomy":"post_tag","embeddable":true,"href":"https:\/\/sola-poljane.splet.arnes.si\/index.php?rest_route=%2Fwp%2Fv2%2Ftags&post=12747"}],"curies":[{"name":"wp","href":"https:\/\/api.w.org\/{rel}","templated":true}]}}