{"id":12725,"date":"2019-01-31T06:00:04","date_gmt":"2019-01-31T05:00:04","guid":{"rendered":"http:\/\/sola-poljane.splet.arnes.si\/?p=12725"},"modified":"2019-02-03T06:50:28","modified_gmt":"2019-02-03T05:50:28","slug":"sola-v-naravi-za-ucence-6-razreda","status":"publish","type":"post","link":"https:\/\/sola-poljane.splet.arnes.si\/?p=12725","title":{"rendered":"\u0160ola v naravi za u\u010dence 6. razreda"},"content":{"rendered":"<p>1. dan<\/p>\n<p>Dogajanje v slikah na prvi dan \u0161ole v naravi.<\/p>\nngg_shortcode_0_placeholder\n<p>2. dan<\/p>\nngg_shortcode_1_placeholder\n<p>3. dan<\/p>\n<p>Tudi tretji dan nem je bilo vreme naklonjeno. Razmere na smu\u010di\u0161\u010du so bile odli\u010dne za nove dogodiv\u0161\u010dine. Zaradi zavzetosti in pravega pristopa u\u010denci v znanju smu\u010danja lepo napredujejo. V popoldanskem \u010dasu smo imeli po po\u010ditku nekaj ve\u010d \u010dasa namenjenega u\u010dnim dejavnostim, da ne pozabimo popolnoma na \u0161olo. V ve\u010dernem delu pa je sledilo \u0161e filmsko presene\u010denje. Umirjeni in pripravljeni na spanje smo tako uspe\u0161no zaklju\u010dili \u0161e en dan.<\/p>\nngg_shortcode_2_placeholder\n<p>4. dan<\/p>\n<p>Dana\u0161nji dan se je za\u010del z rahlim sne\u017eenjem in dokaj mrzlim vremenom. Navajeni in utrjeni za take razmere smo se lotili usvajanja in utrjevanja smu\u010darskega znanja. Skozi oblake se je tu pa tam\u00a0 srame\u017eljivo pokazalo tudi sonce, a to sne\u017eenja ni ustavilo. Po slastni malici se je vsaka skupina nadaljevala z delom. Po kosilu je sledila tekma. Na \u017ee nekoliko na\u010deti progi so se preizkusili skoraj vsi u\u010denci. Tokrat je tekma sledila na\u010delom va\u017eno je sodelovati ne pa zmagati, zato so rezultati samo interni. Po kon\u010danem smu\u010danju smo se odpravili v muzej spoznavat zgodovino in navade Cerkna kot je znamenita laufarija. Skozi razstavo nas je vodila prijazna vodi\u010dka, ki nam je zanimivo predstavila vsebine. Po ve\u010derji pa je pri\u0161el na vrsto \u0161e dru\u017eabni del in sicer disko. U\u010denci so se hitro vklopili v ples in pozabili na utrujenost. \u010cas je hitro minil in kot vedno je sledil no\u010dni po\u010ditek in sladke sanje.<\/p>\nngg_shortcode_3_placeholder\n<p>5. dan<\/p>\n<p>Zaradi slabih vremenskih razmer smo zadnji dan\u00a0 \u0161ole v naravi sklenili v bazenu. \u00a0Tako smo zaklju\u010dili \u0161e eno uspe\u0161no izvedbo zimske \u0161ole v naravi.<\/p>\n<p>&nbsp;<\/p>\n","protected":false},"excerpt":{"rendered":"<p>1. dan Dogajanje v slikah na prvi dan \u0161ole v [&hellip;]<\/p>\n","protected":false},"author":1973,"featured_media":12729,"comment_status":"closed","ping_status":"open","sticky":false,"template":"","format":"standard","meta":{"ngg_post_thumbnail":0,"footnotes":""},"categories":[35,29,55],"tags":[],"class_list":["post-12725","post","type-post","status-publish","format-standard","has-post-thumbnail","hentry","category-2-triletje","category-dnevi-dejavnosti-3-triada","category-dogajanje"],"_links":{"self":[{"href":"https:\/\/sola-poljane.splet.arnes.si\/index.php?rest_route=\/wp\/v2\/posts\/12725","targetHints":{"allow":["GET"]}}],"collection":[{"href":"https:\/\/sola-poljane.splet.arnes.si\/index.php?rest_route=\/wp\/v2\/posts"}],"about":[{"href":"https:\/\/sola-poljane.splet.arnes.si\/index.php?rest_route=\/wp\/v2\/types\/post"}],"author":[{"embeddable":true,"href":"https:\/\/sola-poljane.splet.arnes.si\/index.php?rest_route=\/wp\/v2\/users\/1973"}],"replies":[{"embeddable":true,"href":"https:\/\/sola-poljane.splet.arnes.si\/index.php?rest_route=%2Fwp%2Fv2%2Fcomments&post=12725"}],"version-history":[{"count":10,"href":"https:\/\/sola-poljane.splet.arnes.si\/index.php?rest_route=\/wp\/v2\/posts\/12725\/revisions"}],"predecessor-version":[{"id":12797,"href":"https:\/\/sola-poljane.splet.arnes.si\/index.php?rest_route=\/wp\/v2\/posts\/12725\/revisions\/12797"}],"wp:featuredmedia":[{"embeddable":true,"href":"https:\/\/sola-poljane.splet.arnes.si\/index.php?rest_route=\/wp\/v2\/media\/12729"}],"wp:attachment":[{"href":"https:\/\/sola-poljane.splet.arnes.si\/index.php?rest_route=%2Fwp%2Fv2%2Fmedia&parent=12725"}],"wp:term":[{"taxonomy":"category","embeddable":true,"href":"https:\/\/sola-poljane.splet.arnes.si\/index.php?rest_route=%2Fwp%2Fv2%2Fcategories&post=12725"},{"taxonomy":"post_tag","embeddable":true,"href":"https:\/\/sola-poljane.splet.arnes.si\/index.php?rest_route=%2Fwp%2Fv2%2Ftags&post=12725"}],"curies":[{"name":"wp","href":"https:\/\/api.w.org\/{rel}","templated":true}]}}