{"id":12679,"date":"2019-01-23T19:14:16","date_gmt":"2019-01-23T18:14:16","guid":{"rendered":"http:\/\/sola-poljane.splet.arnes.si\/?p=12679"},"modified":"2020-09-07T13:43:10","modified_gmt":"2020-09-07T11:43:10","slug":"solski-radio-je-zazivel","status":"publish","type":"post","link":"https:\/\/sola-poljane.splet.arnes.si\/?p=12679","title":{"rendered":"\u0160olski radio je za\u017eivel"},"content":{"rendered":"<p>V okviru \u0161olske skupnosti in lanskoletnih sklepov \u0161olskega in medob\u010dinskega parlamenta bomo letos nekatere predloge, ki so jih podali u\u010denci, tudi uvedi. Eden izmed predlogov je bil tudi, da bi se po \u0161oli razlegala glasba po izboru u\u010dencev. In tako se je zgodilo. Predstavniki 9. b razreda so v petek, 18. januarja, prvi\u010d &#8220;pri\u017egali&#8221; \u0161olski radio. Po \u0161oli se je v vsak koti\u010dek prikradla sladka glasba in malica je tekla v bolj spro\u0161\u010denem vzdu\u0161ju.<\/p>\n<p>Tako bo sedaj vsak petek med glavnim odmorom, ko bodo vsi razredi pri\u0161li na vrsto s svojo izbrano glasbo.<br \/>\nPoleg glasbe so u\u010denci povabljeni tudi k pripravi kak\u0161nega kratkega prispevka (na temo svetovnih dni, kak\u0161no lepo spodbudno misel, vtis z dneva dejavnosti, uspehi, zabavna sporo\u010dila).<\/p>\n<p>Seveda je glasbeni izbor druga\u010den od tistega, ki bi si ga izbral marsikdo od nas\u00a0\u2013 in tako je tudi prav, saj je to namenjeno u\u010dencem.<\/p>\n<p><em><strong>Barbara Tav\u010dar<\/strong><\/em><\/p>\n<p><a href=\"http:\/\/sola-poljane.splet.arnes.si\/files\/2019\/01\/\u0160olski-radio-1.jpg\"><img loading=\"lazy\" decoding=\"async\" class=\"wp-image-12683 size-full aligncenter\" src=\"http:\/\/sola-poljane.splet.arnes.si\/files\/2019\/01\/\u0160olski-radio-1.jpg\" alt=\"\" width=\"338\" height=\"338\" srcset=\"https:\/\/sola-poljane.splet.arnes.si\/files\/2019\/01\/\u0160olski-radio-1.jpg 338w, https:\/\/sola-poljane.splet.arnes.si\/files\/2019\/01\/\u0160olski-radio-1-150x150.jpg 150w, https:\/\/sola-poljane.splet.arnes.si\/files\/2019\/01\/\u0160olski-radio-1-300x300.jpg 300w, https:\/\/sola-poljane.splet.arnes.si\/files\/2019\/01\/\u0160olski-radio-1-55x55.jpg 55w, https:\/\/sola-poljane.splet.arnes.si\/files\/2019\/01\/\u0160olski-radio-1-100x100.jpg 100w\" sizes=\"auto, (max-width: 338px) 100vw, 338px\" \/><\/a><\/p>\n","protected":false},"excerpt":{"rendered":"<p>V okviru \u0161olske skupnosti in lanskoletnih sklepov \u0161olskega in medob\u010dinskega [&hellip;]<\/p>\n","protected":false},"author":56163,"featured_media":12685,"comment_status":"closed","ping_status":"open","sticky":false,"template":"","format":"standard","meta":{"ngg_post_thumbnail":0,"footnotes":""},"categories":[55,11,27,13],"tags":[],"class_list":["post-12679","post","type-post","status-publish","format-standard","has-post-thumbnail","hentry","category-dogajanje","category-ostalo","category-ostalo-3-triada","category-ostalo-2-triada"],"_links":{"self":[{"href":"https:\/\/sola-poljane.splet.arnes.si\/index.php?rest_route=\/wp\/v2\/posts\/12679","targetHints":{"allow":["GET"]}}],"collection":[{"href":"https:\/\/sola-poljane.splet.arnes.si\/index.php?rest_route=\/wp\/v2\/posts"}],"about":[{"href":"https:\/\/sola-poljane.splet.arnes.si\/index.php?rest_route=\/wp\/v2\/types\/post"}],"author":[{"embeddable":true,"href":"https:\/\/sola-poljane.splet.arnes.si\/index.php?rest_route=\/wp\/v2\/users\/56163"}],"replies":[{"embeddable":true,"href":"https:\/\/sola-poljane.splet.arnes.si\/index.php?rest_route=%2Fwp%2Fv2%2Fcomments&post=12679"}],"version-history":[{"count":4,"href":"https:\/\/sola-poljane.splet.arnes.si\/index.php?rest_route=\/wp\/v2\/posts\/12679\/revisions"}],"predecessor-version":[{"id":12693,"href":"https:\/\/sola-poljane.splet.arnes.si\/index.php?rest_route=\/wp\/v2\/posts\/12679\/revisions\/12693"}],"wp:featuredmedia":[{"embeddable":true,"href":"https:\/\/sola-poljane.splet.arnes.si\/index.php?rest_route=\/wp\/v2\/media\/12685"}],"wp:attachment":[{"href":"https:\/\/sola-poljane.splet.arnes.si\/index.php?rest_route=%2Fwp%2Fv2%2Fmedia&parent=12679"}],"wp:term":[{"taxonomy":"category","embeddable":true,"href":"https:\/\/sola-poljane.splet.arnes.si\/index.php?rest_route=%2Fwp%2Fv2%2Fcategories&post=12679"},{"taxonomy":"post_tag","embeddable":true,"href":"https:\/\/sola-poljane.splet.arnes.si\/index.php?rest_route=%2Fwp%2Fv2%2Ftags&post=12679"}],"curies":[{"name":"wp","href":"https:\/\/api.w.org\/{rel}","templated":true}]}}