{"id":12499,"date":"2018-12-21T09:50:17","date_gmt":"2018-12-21T08:50:17","guid":{"rendered":"http:\/\/sola-poljane.splet.arnes.si\/?p=12499"},"modified":"2020-09-07T13:43:10","modified_gmt":"2020-09-07T11:43:10","slug":"bozicno-novoletna-prireditev-poklon-praznikom-in-dobrodelna-zdrava-ulica","status":"publish","type":"post","link":"https:\/\/sola-poljane.splet.arnes.si\/?p=12499","title":{"rendered":"Bo\u017ei\u010dno-novoletna prireditev, poklon praznikom in dobrodelna zdrava ulica"},"content":{"rendered":"<p>\u017de ute\u010deno praznovanje bo\u017ei\u010dno-novoletnih praznikov ter dneva samostojnosti in enotnosti smo letos zdru\u017eili z dobrodelnostjo \u2013 u\u010denke in u\u010denci vseh razredov so s pomo\u010djo u\u010diteljev pripravili dobrodelni sejem v podobi <span style=\"color: #008000\"><strong>zdrave ulice<\/strong><\/span>, na katerem so obiskovalci lahko ob\u010dudovali izdelke otrok, jih kupili ter sodelovali na sre\u010delovu.<\/p>\n<p><strong><span style=\"color: #ff0000\">Rde\u010da nit prireditve<\/span> <\/strong>je bila seveda namenjena praznovanju, pesmi in plesu, vsebovala pa je tudi pomembno <span style=\"color: #ff0000\">sporo\u010dilo o dobrodelnosti, sodelovanju in prijateljstvu<\/span>. Vse to so v priredbi Levstikove pravljice <span style=\"color: #0000ff\">Kdo je napravil Vidku sraj\u010dico<\/span> predstavile u\u010denke in u\u010denec, ki obiskujejo izbirni predmet gledali\u0161ki klub. Njihovo interpretacijo je spremljala <span style=\"color: #0000ff\">projekcija<\/span>, ki nas je opozarjala na \u0161e kako pere\u010de probleme sodobnega potro\u0161ni\u0161tva in otro\u0161kega dela v nekaterih de\u017eelah sveta.<\/p>\n<p>\u0160tevilno ob\u010dinstvo je v duhu prireditve nagovorila tudi <span style=\"color: #008000\">gospa ravnateljica <\/span>in vsem za\u017eelela lepo praznovanje.<\/p>\n<p>&nbsp;<\/p>\n<p><a href=\"http:\/\/sola-poljane.splet.arnes.si\/files\/2018\/12\/fireworks1.jpg\"><img loading=\"lazy\" decoding=\"async\" class=\"wp-image-12517 aligncenter\" src=\"http:\/\/sola-poljane.splet.arnes.si\/files\/2018\/12\/fireworks1.jpg\" alt=\"\" width=\"373\" height=\"308\" srcset=\"https:\/\/sola-poljane.splet.arnes.si\/files\/2018\/12\/fireworks1.jpg 381w, https:\/\/sola-poljane.splet.arnes.si\/files\/2018\/12\/fireworks1-300x248.jpg 300w, https:\/\/sola-poljane.splet.arnes.si\/files\/2018\/12\/fireworks1-67x55.jpg 67w\" sizes=\"auto, (max-width: 373px) 100vw, 373px\" \/><\/a><\/p>\n<p>&nbsp;<\/p>\n<p>&nbsp;<\/p>\nngg_shortcode_0_placeholder\n<p>&nbsp;<\/p>\n","protected":false},"excerpt":{"rendered":"<p>\u017de ute\u010deno praznovanje bo\u017ei\u010dno-novoletnih praznikov ter dneva samostojnosti in enotnosti [&hellip;]<\/p>\n","protected":false},"author":56163,"featured_media":12519,"comment_status":"closed","ping_status":"open","sticky":false,"template":"","format":"standard","meta":{"ngg_post_thumbnail":0,"footnotes":""},"categories":[55,25],"tags":[],"class_list":["post-12499","post","type-post","status-publish","format-standard","has-post-thumbnail","hentry","category-dogajanje","category-prireditve"],"_links":{"self":[{"href":"https:\/\/sola-poljane.splet.arnes.si\/index.php?rest_route=\/wp\/v2\/posts\/12499","targetHints":{"allow":["GET"]}}],"collection":[{"href":"https:\/\/sola-poljane.splet.arnes.si\/index.php?rest_route=\/wp\/v2\/posts"}],"about":[{"href":"https:\/\/sola-poljane.splet.arnes.si\/index.php?rest_route=\/wp\/v2\/types\/post"}],"author":[{"embeddable":true,"href":"https:\/\/sola-poljane.splet.arnes.si\/index.php?rest_route=\/wp\/v2\/users\/56163"}],"replies":[{"embeddable":true,"href":"https:\/\/sola-poljane.splet.arnes.si\/index.php?rest_route=%2Fwp%2Fv2%2Fcomments&post=12499"}],"version-history":[{"count":5,"href":"https:\/\/sola-poljane.splet.arnes.si\/index.php?rest_route=\/wp\/v2\/posts\/12499\/revisions"}],"predecessor-version":[{"id":12521,"href":"https:\/\/sola-poljane.splet.arnes.si\/index.php?rest_route=\/wp\/v2\/posts\/12499\/revisions\/12521"}],"wp:featuredmedia":[{"embeddable":true,"href":"https:\/\/sola-poljane.splet.arnes.si\/index.php?rest_route=\/wp\/v2\/media\/12519"}],"wp:attachment":[{"href":"https:\/\/sola-poljane.splet.arnes.si\/index.php?rest_route=%2Fwp%2Fv2%2Fmedia&parent=12499"}],"wp:term":[{"taxonomy":"category","embeddable":true,"href":"https:\/\/sola-poljane.splet.arnes.si\/index.php?rest_route=%2Fwp%2Fv2%2Fcategories&post=12499"},{"taxonomy":"post_tag","embeddable":true,"href":"https:\/\/sola-poljane.splet.arnes.si\/index.php?rest_route=%2Fwp%2Fv2%2Ftags&post=12499"}],"curies":[{"name":"wp","href":"https:\/\/api.w.org\/{rel}","templated":true}]}}