{"id":12459,"date":"2018-12-19T22:19:51","date_gmt":"2018-12-19T21:19:51","guid":{"rendered":"http:\/\/sola-poljane.splet.arnes.si\/?p=12459"},"modified":"2020-09-07T13:43:10","modified_gmt":"2020-09-07T11:43:10","slug":"12459","status":"publish","type":"post","link":"https:\/\/sola-poljane.splet.arnes.si\/?p=12459","title":{"rendered":"O\u017ebej Krek se je izkazal na nate\u010daju &#8220;Triglav, moj dom&#8221;"},"content":{"rendered":"<p style=\"text-align: left\"><span style=\"color: #008000\"><em>Turisti\u010dno dru\u0161tvo Bohinj in O\u0160 Bohinjska Bistrica<\/em> <\/span>sta ob 240-letnici prvega vzpona na Triglav razpisali vseslovenski nate\u010daj <strong><span style=\"color: #008000\">TRIGLAV, MOJ DOM<\/span><\/strong>. Na\u0161 simbol slovenstva je nagovoril tudi u\u010dence sedmih razredov. U\u010denec <strong><span style=\"color: #008000\">O\u017ebej Krek<\/span> <\/strong>je s svojim delom prepri\u010dal tri\u010dlansko strokovno komisijo.\u00a0 V kategoriji u\u010dencev od 7. do 9. razreda je dosegel <span style=\"color: #0000ff\"><strong>3. mesto. \u00a0<\/strong><\/span><\/p>\n<p><span style=\"color: #0000ff\"><strong>O\u017ebej, \u010destitamo!<\/strong><\/span><\/p>\n<p>&nbsp;<\/p>\n<p><a href=\"http:\/\/sola-poljane.splet.arnes.si\/files\/2018\/12\/Triglav-moj-domO\u017ebej-Krek-7.-a.jpg\"><img loading=\"lazy\" decoding=\"async\" class=\"size-large wp-image-12461 aligncenter\" src=\"http:\/\/sola-poljane.splet.arnes.si\/files\/2018\/12\/Triglav-moj-domO\u017ebej-Krek-7.-a-1024x724.jpg\" alt=\"\" width=\"887\" height=\"627\" srcset=\"https:\/\/sola-poljane.splet.arnes.si\/files\/2018\/12\/Triglav-moj-domO\u017ebej-Krek-7.-a-1024x724.jpg 1024w, https:\/\/sola-poljane.splet.arnes.si\/files\/2018\/12\/Triglav-moj-domO\u017ebej-Krek-7.-a-300x212.jpg 300w, https:\/\/sola-poljane.splet.arnes.si\/files\/2018\/12\/Triglav-moj-domO\u017ebej-Krek-7.-a-768x543.jpg 768w, https:\/\/sola-poljane.splet.arnes.si\/files\/2018\/12\/Triglav-moj-domO\u017ebej-Krek-7.-a-78x55.jpg 78w, https:\/\/sola-poljane.splet.arnes.si\/files\/2018\/12\/Triglav-moj-domO\u017ebej-Krek-7.-a-947x670.jpg 947w, https:\/\/sola-poljane.splet.arnes.si\/files\/2018\/12\/Triglav-moj-domO\u017ebej-Krek-7.-a-624x441.jpg 624w\" sizes=\"auto, (max-width: 887px) 100vw, 887px\" \/><\/a><\/p>\n","protected":false},"excerpt":{"rendered":"<p>Turisti\u010dno dru\u0161tvo Bohinj in O\u0160 Bohinjska Bistrica sta ob 240-letnici [&hellip;]<\/p>\n","protected":false},"author":56163,"featured_media":12461,"comment_status":"closed","ping_status":"open","sticky":false,"template":"","format":"standard","meta":{"ngg_post_thumbnail":0,"footnotes":""},"categories":[39,55,37],"tags":[],"class_list":["post-12459","post","type-post","status-publish","format-standard","has-post-thumbnail","hentry","category-3-triletje","category-dogajanje","category-natecaji"],"_links":{"self":[{"href":"https:\/\/sola-poljane.splet.arnes.si\/index.php?rest_route=\/wp\/v2\/posts\/12459","targetHints":{"allow":["GET"]}}],"collection":[{"href":"https:\/\/sola-poljane.splet.arnes.si\/index.php?rest_route=\/wp\/v2\/posts"}],"about":[{"href":"https:\/\/sola-poljane.splet.arnes.si\/index.php?rest_route=\/wp\/v2\/types\/post"}],"author":[{"embeddable":true,"href":"https:\/\/sola-poljane.splet.arnes.si\/index.php?rest_route=\/wp\/v2\/users\/56163"}],"replies":[{"embeddable":true,"href":"https:\/\/sola-poljane.splet.arnes.si\/index.php?rest_route=%2Fwp%2Fv2%2Fcomments&post=12459"}],"version-history":[{"count":4,"href":"https:\/\/sola-poljane.splet.arnes.si\/index.php?rest_route=\/wp\/v2\/posts\/12459\/revisions"}],"predecessor-version":[{"id":12477,"href":"https:\/\/sola-poljane.splet.arnes.si\/index.php?rest_route=\/wp\/v2\/posts\/12459\/revisions\/12477"}],"wp:featuredmedia":[{"embeddable":true,"href":"https:\/\/sola-poljane.splet.arnes.si\/index.php?rest_route=\/wp\/v2\/media\/12461"}],"wp:attachment":[{"href":"https:\/\/sola-poljane.splet.arnes.si\/index.php?rest_route=%2Fwp%2Fv2%2Fmedia&parent=12459"}],"wp:term":[{"taxonomy":"category","embeddable":true,"href":"https:\/\/sola-poljane.splet.arnes.si\/index.php?rest_route=%2Fwp%2Fv2%2Fcategories&post=12459"},{"taxonomy":"post_tag","embeddable":true,"href":"https:\/\/sola-poljane.splet.arnes.si\/index.php?rest_route=%2Fwp%2Fv2%2Ftags&post=12459"}],"curies":[{"name":"wp","href":"https:\/\/api.w.org\/{rel}","templated":true}]}}