{"id":12427,"date":"2018-12-13T17:11:46","date_gmt":"2018-12-13T16:11:46","guid":{"rendered":"http:\/\/sola-poljane.splet.arnes.si\/?p=12427"},"modified":"2020-09-07T13:43:10","modified_gmt":"2020-09-07T11:43:10","slug":"ustvarjalni-natecaj-skrivnostni-svet-ptic","status":"publish","type":"post","link":"https:\/\/sola-poljane.splet.arnes.si\/?p=12427","title":{"rendered":"Ustvarjalni nate\u010daj &#8220;Skrivnostni svet ptic&#8221;"},"content":{"rendered":"<p><strong><span style=\"color: #008000\">Notranjski regijski park<\/span><\/strong> je razpisal likovni, filmski in fotografski nate\u010daj <strong><span style=\"color: #3366ff\">Skrivnostni svet ptic<\/span><\/strong>, na katerega se je odzvala deveto\u0161olka<strong><span style=\"color: #008000\"> Mal\u010di Cvirn.<\/span><\/strong> Njene fotografije in fotografije drugih avtorjev si lahko ogledate na spletni strani\u00a0Notranjskega regijskega parka.<\/p>\n<p>Kako se bodo fotografije odrezale, je odvisno tudi od vas. <strong><span style=\"color: #993300\">GLASUJTE ZANJE<\/span><\/strong>\u00a0in pomagajte Mal\u010di dose\u010di \u010dim vi\u0161jo uvrstitev.<\/p>\n<p>Povezava do fotografij:\u00a0<a href=\"http:\/\/life.notranjski-park.si\/sl\/natecaj\/fotografski-in-video-natecaj\/\">http:\/\/life.notranjski-park.si\/sl\/natecaj\/fotografski-in-video-natecaj\/<\/a><\/p>\n<p>&nbsp;<\/p>\n<p>&nbsp;<\/p>\n","protected":false},"excerpt":{"rendered":"<p>Notranjski regijski park je razpisal likovni, filmski in fotografski nate\u010daj [&hellip;]<\/p>\n","protected":false},"author":56163,"featured_media":12429,"comment_status":"closed","ping_status":"open","sticky":false,"template":"","format":"standard","meta":{"ngg_post_thumbnail":0,"footnotes":""},"categories":[39,55,37],"tags":[],"class_list":["post-12427","post","type-post","status-publish","format-standard","has-post-thumbnail","hentry","category-3-triletje","category-dogajanje","category-natecaji"],"_links":{"self":[{"href":"https:\/\/sola-poljane.splet.arnes.si\/index.php?rest_route=\/wp\/v2\/posts\/12427","targetHints":{"allow":["GET"]}}],"collection":[{"href":"https:\/\/sola-poljane.splet.arnes.si\/index.php?rest_route=\/wp\/v2\/posts"}],"about":[{"href":"https:\/\/sola-poljane.splet.arnes.si\/index.php?rest_route=\/wp\/v2\/types\/post"}],"author":[{"embeddable":true,"href":"https:\/\/sola-poljane.splet.arnes.si\/index.php?rest_route=\/wp\/v2\/users\/56163"}],"replies":[{"embeddable":true,"href":"https:\/\/sola-poljane.splet.arnes.si\/index.php?rest_route=%2Fwp%2Fv2%2Fcomments&post=12427"}],"version-history":[{"count":3,"href":"https:\/\/sola-poljane.splet.arnes.si\/index.php?rest_route=\/wp\/v2\/posts\/12427\/revisions"}],"predecessor-version":[{"id":12435,"href":"https:\/\/sola-poljane.splet.arnes.si\/index.php?rest_route=\/wp\/v2\/posts\/12427\/revisions\/12435"}],"wp:featuredmedia":[{"embeddable":true,"href":"https:\/\/sola-poljane.splet.arnes.si\/index.php?rest_route=\/wp\/v2\/media\/12429"}],"wp:attachment":[{"href":"https:\/\/sola-poljane.splet.arnes.si\/index.php?rest_route=%2Fwp%2Fv2%2Fmedia&parent=12427"}],"wp:term":[{"taxonomy":"category","embeddable":true,"href":"https:\/\/sola-poljane.splet.arnes.si\/index.php?rest_route=%2Fwp%2Fv2%2Fcategories&post=12427"},{"taxonomy":"post_tag","embeddable":true,"href":"https:\/\/sola-poljane.splet.arnes.si\/index.php?rest_route=%2Fwp%2Fv2%2Ftags&post=12427"}],"curies":[{"name":"wp","href":"https:\/\/api.w.org\/{rel}","templated":true}]}}