{"id":12385,"date":"2018-12-12T03:40:57","date_gmt":"2018-12-12T02:40:57","guid":{"rendered":"http:\/\/sola-poljane.splet.arnes.si\/?p=12385"},"modified":"2020-09-07T13:43:10","modified_gmt":"2020-09-07T11:43:10","slug":"regijsko-tekmovanje-iz-robotike","status":"publish","type":"post","link":"https:\/\/sola-poljane.splet.arnes.si\/?p=12385","title":{"rendered":"Regijsko tekmovanje iz robotike"},"content":{"rendered":"<p>V soboto, 8. decembra, je na O\u0160 Predoslje Kranj potekal prvi regijski turnir <strong><em>FLL <\/em><em>\u2013<\/em> <em>\u00bbFIRST LEGO LEAGUE\u00ab<\/em><\/strong> v Sloveniji. To je poimenovanje mednarodnega multidisciplinarnega raziskovalnega programa, ki otroke in najstnike motivira za naravoslovje in spodbuja razmi\u0161ljanje.<\/p>\n<p>FLL poteka v ve\u010d kot 88 dr\u017eavah po svetu. Slovenija v tem programu od leta 2011. V okviru projekta se tekmuje v treh kategorijah \u2013 robotski del, predstavitev vrednot, ki so nas spremljale pri delu, in projekt na izbrano temo.<br \/>\nTurnirja so se udele\u017eile predvsem \u0161ole zahodne slovenske regije. Leto\u0161nja tema je bila <strong><em>vesolje<\/em><\/strong>. Temu je bilo prilagojeno tudi tekmovalno polje za robotski del. Razmi\u0161ljali smo in raziskovali, kako bi \u010dim bolje vzdr\u017eevali telesno pripravljenost v vesolju. Predstavili smo tudi na\u0161e vrednote: kako smo znotraj skupine sodelovali in razvijali socialne ve\u0161\u010dine.<\/p>\n<p>Rde\u010da nit leto\u0161njega tekmovanja je bila <strong>prijazna strokovnost<\/strong>. Na voljo nismo imeli veliko \u010dasa, a smo uspeli pripraviti gradiva za vsa podro\u010dja in usposobiti robota do te mere, da smo lahko povsem enakovredno sodelovali na vseh podro\u010djih. Na koncu smo se uvrstili bolj na za\u010delje in med 19 ekipami zasedli 17. mesto.<br \/>\nKljub temu da smo bili novinci, smo bili za nekatere poteze pohvaljeni, kar nam daje \u0161e novo motivacijo za delo.\u00a0 Bolj izku\u0161ene ekipe, ki sodelujejo \u017ee vrsto let, so nam za zgled.<\/p>\n<p>Na tekmovanju so sodelovali Bla\u017e Jelov\u010dan, Erazem Kr\u017ei\u0161nik, Luka Mo\u017eina, Bla\u017e Oblak, Jakob Pisk in Rok Stanonik. U\u010dence bi \u0161e posebej pohvalil, ker so se uspe\u0161no spopadli z novim izzivom. Upam, da jih bo tovrsten pristop vodil tudi pri delu v \u0161oli.<\/p>\n<p><strong><em>Ale\u0161 Mrak<\/em><\/strong><\/p>\n<p>&nbsp;<\/p>\nngg_shortcode_0_placeholder\n","protected":false},"excerpt":{"rendered":"<p>V soboto, 8. decembra, je na O\u0160 Predoslje Kranj potekal [&hellip;]<\/p>\n","protected":false},"author":56163,"featured_media":12389,"comment_status":"closed","ping_status":"open","sticky":false,"template":"","format":"standard","meta":{"ngg_post_thumbnail":0,"footnotes":""},"categories":[55,41,27,13,21],"tags":[],"class_list":["post-12385","post","type-post","status-publish","format-standard","has-post-thumbnail","hentry","category-dogajanje","category-izbirni-predmeti","category-ostalo-3-triada","category-ostalo-2-triada","category-tekmovanja"],"_links":{"self":[{"href":"https:\/\/sola-poljane.splet.arnes.si\/index.php?rest_route=\/wp\/v2\/posts\/12385","targetHints":{"allow":["GET"]}}],"collection":[{"href":"https:\/\/sola-poljane.splet.arnes.si\/index.php?rest_route=\/wp\/v2\/posts"}],"about":[{"href":"https:\/\/sola-poljane.splet.arnes.si\/index.php?rest_route=\/wp\/v2\/types\/post"}],"author":[{"embeddable":true,"href":"https:\/\/sola-poljane.splet.arnes.si\/index.php?rest_route=\/wp\/v2\/users\/56163"}],"replies":[{"embeddable":true,"href":"https:\/\/sola-poljane.splet.arnes.si\/index.php?rest_route=%2Fwp%2Fv2%2Fcomments&post=12385"}],"version-history":[{"count":4,"href":"https:\/\/sola-poljane.splet.arnes.si\/index.php?rest_route=\/wp\/v2\/posts\/12385\/revisions"}],"predecessor-version":[{"id":12621,"href":"https:\/\/sola-poljane.splet.arnes.si\/index.php?rest_route=\/wp\/v2\/posts\/12385\/revisions\/12621"}],"wp:featuredmedia":[{"embeddable":true,"href":"https:\/\/sola-poljane.splet.arnes.si\/index.php?rest_route=\/wp\/v2\/media\/12389"}],"wp:attachment":[{"href":"https:\/\/sola-poljane.splet.arnes.si\/index.php?rest_route=%2Fwp%2Fv2%2Fmedia&parent=12385"}],"wp:term":[{"taxonomy":"category","embeddable":true,"href":"https:\/\/sola-poljane.splet.arnes.si\/index.php?rest_route=%2Fwp%2Fv2%2Fcategories&post=12385"},{"taxonomy":"post_tag","embeddable":true,"href":"https:\/\/sola-poljane.splet.arnes.si\/index.php?rest_route=%2Fwp%2Fv2%2Ftags&post=12385"}],"curies":[{"name":"wp","href":"https:\/\/api.w.org\/{rel}","templated":true}]}}