{"id":12369,"date":"2018-12-12T02:41:13","date_gmt":"2018-12-12T01:41:13","guid":{"rendered":"http:\/\/sola-poljane.splet.arnes.si\/?p=12369"},"modified":"2020-09-07T13:43:10","modified_gmt":"2020-09-07T11:43:10","slug":"sli-smo-gor-na-goro","status":"publish","type":"post","link":"https:\/\/sola-poljane.splet.arnes.si\/?p=12369","title":{"rendered":"\u0160li smo gor na Goro"},"content":{"rendered":"<p>Zbudili smo se v jasno, a hladno jutro. Izza obzorja se je \u017ee dvigalo sonce. Odpravili smo se skozi Poljane, veselo dvigali roke v pozdrav mimoido\u010dim. Vesela \u010detica \u00bb\u0161estovcev\u00ab se je vila proti Vol\u010di, kjer smo za\u010deli vzpon proti Gori. Cerkvica na Gori se je kopala v soncu in nas prijazno vabila na obisk.<br \/>\nNa\u0161 vzpon je bil hiter, a fantje in dekleta so ga pogumno premagali, s postanki seveda. Na Gori smo se okrep\u010dali in spustili nazaj v dolino, saj je bilo potrebno ujeti \u0161e dve uri nogometa, torej smo imeli \u0161e dovolj energije za nove izzive. Tako je prav. U\u010diteljem in u\u010dencem je tako uspelo izpeljati \u0161e pozen jesenski pohod, ki je bil zaradi lepega son\u010dnega vremena lepa prednovoletna izku\u0161nja. Lepo je bilo.<\/p>\n<p><strong><em>Barbara Tav\u010dar<\/em><\/strong><\/p>\nngg_shortcode_0_placeholder\n","protected":false},"excerpt":{"rendered":"<p>Zbudili smo se v jasno, a hladno jutro. Izza obzorja [&hellip;]<\/p>\n","protected":false},"author":56163,"featured_media":12373,"comment_status":"closed","ping_status":"open","sticky":false,"template":"","format":"standard","meta":{"ngg_post_thumbnail":0,"footnotes":""},"categories":[35,29,55],"tags":[],"class_list":["post-12369","post","type-post","status-publish","format-standard","has-post-thumbnail","hentry","category-2-triletje","category-dnevi-dejavnosti-3-triada","category-dogajanje"],"_links":{"self":[{"href":"https:\/\/sola-poljane.splet.arnes.si\/index.php?rest_route=\/wp\/v2\/posts\/12369","targetHints":{"allow":["GET"]}}],"collection":[{"href":"https:\/\/sola-poljane.splet.arnes.si\/index.php?rest_route=\/wp\/v2\/posts"}],"about":[{"href":"https:\/\/sola-poljane.splet.arnes.si\/index.php?rest_route=\/wp\/v2\/types\/post"}],"author":[{"embeddable":true,"href":"https:\/\/sola-poljane.splet.arnes.si\/index.php?rest_route=\/wp\/v2\/users\/56163"}],"replies":[{"embeddable":true,"href":"https:\/\/sola-poljane.splet.arnes.si\/index.php?rest_route=%2Fwp%2Fv2%2Fcomments&post=12369"}],"version-history":[{"count":2,"href":"https:\/\/sola-poljane.splet.arnes.si\/index.php?rest_route=\/wp\/v2\/posts\/12369\/revisions"}],"predecessor-version":[{"id":12375,"href":"https:\/\/sola-poljane.splet.arnes.si\/index.php?rest_route=\/wp\/v2\/posts\/12369\/revisions\/12375"}],"wp:featuredmedia":[{"embeddable":true,"href":"https:\/\/sola-poljane.splet.arnes.si\/index.php?rest_route=\/wp\/v2\/media\/12373"}],"wp:attachment":[{"href":"https:\/\/sola-poljane.splet.arnes.si\/index.php?rest_route=%2Fwp%2Fv2%2Fmedia&parent=12369"}],"wp:term":[{"taxonomy":"category","embeddable":true,"href":"https:\/\/sola-poljane.splet.arnes.si\/index.php?rest_route=%2Fwp%2Fv2%2Fcategories&post=12369"},{"taxonomy":"post_tag","embeddable":true,"href":"https:\/\/sola-poljane.splet.arnes.si\/index.php?rest_route=%2Fwp%2Fv2%2Ftags&post=12369"}],"curies":[{"name":"wp","href":"https:\/\/api.w.org\/{rel}","templated":true}]}}