{"id":12189,"date":"2018-11-27T20:22:14","date_gmt":"2018-11-27T19:22:14","guid":{"rendered":"http:\/\/sola-poljane.splet.arnes.si\/?p=12189"},"modified":"2020-09-14T06:33:41","modified_gmt":"2020-09-14T04:33:41","slug":"skupaj-pod-deznikom","status":"publish","type":"post","link":"https:\/\/sola-poljane.splet.arnes.si\/?p=12189","title":{"rendered":"Skupaj pod de\u017enikom"},"content":{"rendered":"<p>V leto\u0161njem \u0161olskem letu smo se prvi\u010d vklju\u010dili v projekt Skupaj pod de\u017enikom v organizaciji O\u0160 Janka Pade\u017enika. Dejavnosti na \u0161oli, ki so namenjene spodbujanju pozitivnega sprejemanja u\u010dencev priseljencev ter empatije, je vodila u\u010diteljica Jolanda Mur, razredni\u010darka 3. b. Ker je tudi v njenem razredu u\u010denka iz druge dr\u017eave, je z u\u010denci izvajala razli\u010dne dejavnosti, skozi katere so so\u0161olko bolje spoznali.<\/p>\n<p>&#8220;Prva naloga je bila, da se predstavimo. Vsak u\u010denec je napisal nekaj o sebi in se predstavil. Tudi Arisa je pripravila svojo predstavitev, v svojem materinem jeziku \u2013 alban\u0161\u010dini. U\u010denci so jo za\u010dudeno poslu\u0161ali, razumeli niso. So pa se posku\u0161ali v\u017eiveti vanjo in razumeti, kako se Arisa po\u010duti ve\u010dino \u010dasa pri pouku, ker ne zna slovensko.&#8221;<\/p>\n<p>V drugi dejavnosti so u\u010denci razmi\u0161ljali bolj o tem, kaj vse jih povezuje in dru\u017ei.\u00a0Skupaj so se pod de\u017enikom u\u010dili nove besede, sodelovali, si pomagali in se igrali. Nastali so \u010dudoviti plakati, ki krasijo njihov razred.<\/p>\n<div id='gallery-1' class='gallery galleryid-12189 gallery-columns-3 gallery-size-thumbnail'><figure class='gallery-item'>\n\t\t\t<div class='gallery-icon landscape'>\n\t\t\t\t<a href='https:\/\/sola-poljane.splet.arnes.si\/?attachment_id=12193'><img loading=\"lazy\" decoding=\"async\" width=\"150\" height=\"150\" src=\"https:\/\/sola-poljane.splet.arnes.si\/files\/2018\/11\/Plakat_To-sem-jaz-150x150.jpg\" class=\"attachment-thumbnail size-thumbnail\" alt=\"\" \/><\/a>\n\t\t\t<\/div><\/figure><figure class='gallery-item'>\n\t\t\t<div class='gallery-icon landscape'>\n\t\t\t\t<a href='https:\/\/sola-poljane.splet.arnes.si\/?attachment_id=12197'><img loading=\"lazy\" decoding=\"async\" width=\"150\" height=\"150\" src=\"https:\/\/sola-poljane.splet.arnes.si\/files\/2018\/11\/Skupaj-pod-de\u017enikom_02-150x150.jpg\" class=\"attachment-thumbnail size-thumbnail\" alt=\"\" \/><\/a>\n\t\t\t<\/div><\/figure><figure class='gallery-item'>\n\t\t\t<div class='gallery-icon landscape'>\n\t\t\t\t<a href='https:\/\/sola-poljane.splet.arnes.si\/?attachment_id=12195'><img loading=\"lazy\" decoding=\"async\" width=\"150\" height=\"150\" src=\"https:\/\/sola-poljane.splet.arnes.si\/files\/2018\/11\/Skupaj-pod-de\u017enikom_01-150x150.jpg\" class=\"attachment-thumbnail size-thumbnail\" alt=\"\" \/><\/a>\n\t\t\t<\/div><\/figure>\n\t\t<\/div>\n\n","protected":false},"excerpt":{"rendered":"<p>V leto\u0161njem \u0161olskem letu smo se prvi\u010d vklju\u010dili v projekt [&hellip;]<\/p>\n","protected":false},"author":54451,"featured_media":12193,"comment_status":"closed","ping_status":"open","sticky":false,"template":"","format":"standard","meta":{"ngg_post_thumbnail":0,"footnotes":""},"categories":[55,61],"tags":[],"class_list":["post-12189","post","type-post","status-publish","format-standard","has-post-thumbnail","hentry","category-dogajanje","category-unesco"],"_links":{"self":[{"href":"https:\/\/sola-poljane.splet.arnes.si\/index.php?rest_route=\/wp\/v2\/posts\/12189","targetHints":{"allow":["GET"]}}],"collection":[{"href":"https:\/\/sola-poljane.splet.arnes.si\/index.php?rest_route=\/wp\/v2\/posts"}],"about":[{"href":"https:\/\/sola-poljane.splet.arnes.si\/index.php?rest_route=\/wp\/v2\/types\/post"}],"author":[{"embeddable":true,"href":"https:\/\/sola-poljane.splet.arnes.si\/index.php?rest_route=\/wp\/v2\/users\/54451"}],"replies":[{"embeddable":true,"href":"https:\/\/sola-poljane.splet.arnes.si\/index.php?rest_route=%2Fwp%2Fv2%2Fcomments&post=12189"}],"version-history":[{"count":2,"href":"https:\/\/sola-poljane.splet.arnes.si\/index.php?rest_route=\/wp\/v2\/posts\/12189\/revisions"}],"predecessor-version":[{"id":12241,"href":"https:\/\/sola-poljane.splet.arnes.si\/index.php?rest_route=\/wp\/v2\/posts\/12189\/revisions\/12241"}],"wp:featuredmedia":[{"embeddable":true,"href":"https:\/\/sola-poljane.splet.arnes.si\/index.php?rest_route=\/wp\/v2\/media\/12193"}],"wp:attachment":[{"href":"https:\/\/sola-poljane.splet.arnes.si\/index.php?rest_route=%2Fwp%2Fv2%2Fmedia&parent=12189"}],"wp:term":[{"taxonomy":"category","embeddable":true,"href":"https:\/\/sola-poljane.splet.arnes.si\/index.php?rest_route=%2Fwp%2Fv2%2Fcategories&post=12189"},{"taxonomy":"post_tag","embeddable":true,"href":"https:\/\/sola-poljane.splet.arnes.si\/index.php?rest_route=%2Fwp%2Fv2%2Ftags&post=12189"}],"curies":[{"name":"wp","href":"https:\/\/api.w.org\/{rel}","templated":true}]}}