{"id":12027,"date":"2018-11-07T06:01:45","date_gmt":"2018-11-07T05:01:45","guid":{"rendered":"http:\/\/sola-poljane.splet.arnes.si\/?p=12027"},"modified":"2020-09-07T13:43:22","modified_gmt":"2020-09-07T11:43:22","slug":"sivanje-tretjesolcem-ze-prav-dobro-gre","status":"publish","type":"post","link":"https:\/\/sola-poljane.splet.arnes.si\/?p=12027","title":{"rendered":"\u0160ivanje tretje\u0161olcem \u017ee prav dobro gre"},"content":{"rendered":"<p>V petek, 26. oktobra, so imeli tretje\u0161olci <strong><span style=\"color: #008000\">prvi tehni\u0161ki dan \u2013 \u0161ivanje<\/span><\/strong>. To ve\u0161\u010dino u\u010denci razvijajo in nadgrajujejo \u017ee od prvega razreda naprej. Letos so s pomo\u010djo \u0161iva (zan\u010dni vbod) se\u0161ili lutko ma\u010dka Murija. U\u010denci so se tekom dopoldneva trudili in si nesebi\u010dno pomagali.\u00a0 Ob koncu pa niso skrivali zadovoljstva in ponosa nad svojim delom.<\/p>\n<p>Nekateri so svoje vtise strnili takole:<\/p>\n<p>Dana\u0161nji dan mi je bil zelo v\u0161e\u010d. Zelo spretno sem \u0161ivala. <em><strong>(Alina Dolenec, 3. a)<\/strong><\/em><br \/>\nDanes sem se imela krasno. Mamici bom povedala, kako lepega ma\u010dka sem naredila. Mamici ga bom dala za rojstni dan. Doma bo postal pli\u0161ko samo moj. <em><strong>(Taja Zorko, 3. a)<\/strong><\/em><br \/>\n\u0160ivali smo ma\u010dke Murije. Najprej smo prilepili smr\u010dek, gob\u010dek in o\u010di. Potem smo jih za\u0161ili. <em><strong>(Nik Pintar, 3. a)<\/strong><\/em><br \/>\nPri \u0161ivanju ma\u010dka Murija sem rabila veliko pomo\u010di. Lepili smo in delali \u0161ive. <em><strong>(Ajda Kos, 3. a)<\/strong><\/em><br \/>\nPri tehni\u0161kem dnevu mi je bilo najbolj v\u0161e\u010d, ko smo \u0161ivali in lepili. Na koncu pa smo se fotografirali. <em><strong>(Maja Dolinar, 3. a)<\/strong><\/em><br \/>\nTa tehni\u0161ki dan je bil zelo lep. \u0160ivali smo, lepili in se slikali z izdelki. Zabavno je bilo pomagati drugim. Bil je najlep\u0161i dan v tednu. Ni\u010d se nismo kregali. <em><strong>(Bor Kor\u010de, 3. a)<\/strong><\/em><br \/>\nBilo je super, ker smo \u0161ivali lutko Murija. Dobila sem veliko idej, na primer da da\u0161 notri vato ali bonbone. <em><strong>(Ajda Stanonik, 3. a)<\/strong><\/em><br \/>\nTa dan sem se veliko nau\u010dil o \u0161ivanju. Zelo sem se zabaval. <em><strong>(Oskar Klemen\u010di\u010d, 3. a)<\/strong><\/em><br \/>\nNa dana\u0161njem tehni\u0161kem dnevu sem se imela zelo lepo. \u0160ivali smo ma\u010dka Murija. Ta dan mi bo ostal v spominu \u0161e dolgo.<em><strong> (Manca Dolinar, 3. a)<\/strong><\/em><br \/>\n\u0160ivanja sem se zelo veselila. Rada \u0161ivam, ker imam spretne prste. <em><strong>(Janja Bon\u010da, 3. b)<\/strong><\/em><br \/>\nSprva smo \u0161ive vadili na vajenici. Najbolj pa mi je bilo v\u0161e\u010d \u0161ivanje brkov. <em><strong>(Emin Smajukovi\u010d, 3. b)<\/strong><\/em><br \/>\nMa\u010dek Muri mi je zelo v\u0161e\u010d. U\u017eivala sem, ker sem se\u0161ila lutko. <em><strong>(Nu\u0161a Jan\u010di\u010d, 3. b)<\/strong><\/em><br \/>\nNajbolj mi je bilo v\u0161e\u010d, ker sem se nau\u010dila nov \u0161iv. Ni mi bilo v\u0161e\u010d delati vozle. <em><strong>(Larisa Justin, 3. b)<\/strong><\/em><br \/>\nBilo mi je v\u0161e\u010d, ker mi je \u0161ivanje zanimivo. Ma\u010dek Muri mi je v\u0161e\u010d in najbolj mi sem se zna\u0161la pri lepljenju o\u010di in majice. <em><strong>(Veronika Pisk, 3. b)<\/strong><\/em><br \/>\nV petek mi je bilo zelo v\u0161e\u010d, ker smo \u0161ivali. Ko sem kon\u010dala z delom, sem pomagala drugim. <em><strong>(Maru\u0161a \u0160ubic, 3. b)<\/strong><\/em><br \/>\nTehni\u0161ki dan mi je bil v\u0161e\u010d, ker smo \u0161ivali in na koncu brali knjigo Ma\u010dek Muri. Uspelo mi je narediti lepo lutko. <em><strong>(Anamarija Jur\u010di\u010d, 3. b)<\/strong><\/em><br \/>\nTehni\u0161ki dan mi je bil v\u0161e\u010d. Nau\u010dil sem se novega \u0161iva. <em><strong>(Nikola Treven, 3. b)<\/strong><\/em><\/p>\n<p>&nbsp;<\/p>\n<p><em><strong>Jolanda Mur in Alenka Jelov\u010dan<\/strong><\/em><\/p>\nngg_shortcode_0_placeholder\n<p>&nbsp;<\/p>\n<p>&nbsp;<\/p>\n<p>&nbsp;<\/p>\n<p>&nbsp;<\/p>\n","protected":false},"excerpt":{"rendered":"<p>V petek, 26. oktobra, so imeli tretje\u0161olci prvi tehni\u0161ki dan [&hellip;]<\/p>\n","protected":false},"author":56163,"featured_media":12031,"comment_status":"closed","ping_status":"open","sticky":false,"template":"","format":"standard","meta":{"ngg_post_thumbnail":0,"footnotes":""},"categories":[33,7,55],"tags":[],"class_list":["post-12027","post","type-post","status-publish","format-standard","has-post-thumbnail","hentry","category-1-triletje","category-dnevi-dejavnosti","category-dogajanje"],"_links":{"self":[{"href":"https:\/\/sola-poljane.splet.arnes.si\/index.php?rest_route=\/wp\/v2\/posts\/12027","targetHints":{"allow":["GET"]}}],"collection":[{"href":"https:\/\/sola-poljane.splet.arnes.si\/index.php?rest_route=\/wp\/v2\/posts"}],"about":[{"href":"https:\/\/sola-poljane.splet.arnes.si\/index.php?rest_route=\/wp\/v2\/types\/post"}],"author":[{"embeddable":true,"href":"https:\/\/sola-poljane.splet.arnes.si\/index.php?rest_route=\/wp\/v2\/users\/56163"}],"replies":[{"embeddable":true,"href":"https:\/\/sola-poljane.splet.arnes.si\/index.php?rest_route=%2Fwp%2Fv2%2Fcomments&post=12027"}],"version-history":[{"count":2,"href":"https:\/\/sola-poljane.splet.arnes.si\/index.php?rest_route=\/wp\/v2\/posts\/12027\/revisions"}],"predecessor-version":[{"id":12033,"href":"https:\/\/sola-poljane.splet.arnes.si\/index.php?rest_route=\/wp\/v2\/posts\/12027\/revisions\/12033"}],"wp:featuredmedia":[{"embeddable":true,"href":"https:\/\/sola-poljane.splet.arnes.si\/index.php?rest_route=\/wp\/v2\/media\/12031"}],"wp:attachment":[{"href":"https:\/\/sola-poljane.splet.arnes.si\/index.php?rest_route=%2Fwp%2Fv2%2Fmedia&parent=12027"}],"wp:term":[{"taxonomy":"category","embeddable":true,"href":"https:\/\/sola-poljane.splet.arnes.si\/index.php?rest_route=%2Fwp%2Fv2%2Fcategories&post=12027"},{"taxonomy":"post_tag","embeddable":true,"href":"https:\/\/sola-poljane.splet.arnes.si\/index.php?rest_route=%2Fwp%2Fv2%2Ftags&post=12027"}],"curies":[{"name":"wp","href":"https:\/\/api.w.org\/{rel}","templated":true}]}}