{"id":1199,"date":"2012-02-03T12:27:49","date_gmt":"2012-02-03T11:27:49","guid":{"rendered":"http:\/\/www.sola-poljane.si\/cs\/?p=1199"},"modified":"2012-02-03T12:27:49","modified_gmt":"2012-02-03T11:27:49","slug":"sportni-dan-za-ucence-7-in-9-razreda","status":"publish","type":"post","link":"https:\/\/sola-poljane.splet.arnes.si\/?p=1199","title":{"rendered":"Pester zimski \u0161portni dan za u\u010dence 7. in 9. razreda v Planici"},"content":{"rendered":"<p>Za u\u010denci na\u0161ih sedmih in devetih razredov je zanimiv zimski \u0161portni dan, povezan z zimskimi radostmi. V \u010detrtek, 2. februarja, so se zaprise\u017eeni smu\u010darji odpravili na smu\u010di\u0161\u010de Stari vrh, ostali pa v Planico, kjer Zavod za \u0161port Planica v okviru akcije v zvezi s kandidaturo za Svetovno prvenstvo v nordijskih disciplinah v Planici leta 2017 otrokom in mladostnikom ponuja \u0161tevilne zanimive dejavnosti. Cilj te akcije je pove\u010dati zanimanje mladih za aktivnosti na snegu. V \u201cSne\u017eni de\u017eeli\u201d so u\u010denci tekli na smu\u010deh, se pomerili v hokeju, sankali, skakali, se dri\u010dali z deskami, lopatami in zra\u010dnicami.<\/p>\n<p>&nbsp;<\/p>\n<p>U\u017eivali smo v razli\u010dnih\u00a0 zimskih aktivnostih, ki jih si jih lahko ogledate v fotogaleriji. Pod fotografijami pa je \u0161e nekaj videoposnetkov in vtisov u\u010dencev.<\/p>\nngg_shortcode_0_placeholder\n<p style=\"text-align: center\">[vimeo 36135766 400 300]<\/p>\n<p style=\"text-align: center\">[vimeo 36135622 400 300]<\/p>\n<p style=\"text-align: center\">[vimeo 36135305 400 300]<\/p>\n<p>Stisnjeno mapo vseh posnetkov (1,8 GB) lahko prenesete iz <a href=\"http:\/\/znam123.net\/achieve\/SD7_9r_planica2012.zip\">tega naslova.<\/a><\/p>\n<p>&nbsp;<\/p>\n<p>Na splo\u0161no mi je bilo v\u0161e\u010d vse, razen teka na smu\u010deh.<\/p>\n<p><span style=\"color: #000080\"><em>Klara Dem\u0161ar, 9. b<\/em><\/span><\/p>\n<p>&nbsp;<\/p>\n<p>Bilo je \u010disto v redu.<\/p>\n<p><em><span style=\"color: #000080\">An\u017ee Kri\u017enar, 9. a<\/span><\/em><\/p>\n<p>&nbsp;<\/p>\n<p>Bilo je v redu, samo to mi ni v\u0161e\u010d, da me \u0161e danes boli zadnjica.<\/p>\n<p><em><span style=\"color: #000080\">Tina Dolenc, 7. b<\/span><\/em><\/p>\n<p>&nbsp;<\/p>\n<p>Sankanje in lopatkanje mi je bilo zelo v\u0161e\u010d, vendar mislim , da bi lahko \u0161e vseeno pripravili vle\u010dnico za navzgor, saj se pri hoji po stopnicah zelo utrudi\u0161.<\/p>\n<p><em><span style=\"color: #000080\">Henrika Peternel, 9. b<\/span><\/em><\/p>\n<p>&nbsp;<\/p>\n<p>Najprej se nisem veselila smu\u010darskih skokov, potem pa sem ugotovila, da je to zelo vredu. Prvi\u010d in drugi\u010d sem se samo spustila po progi, tretji\u010d pa sem sko\u010dila. Bilo je zabavno in zanimivo. Ni mi bilo \u017eal, da sem poskusila.<\/p>\n<p><em><span style=\"color: #000080\">Nika Kos, 7. b<\/span><\/em><\/p>\n<p>&nbsp;<\/p>\n<p>Smu\u010darji smo se zbrali na Grebljici, nato pa smo za\u010deli smu\u010dati in deskati. Spremljal nas je u\u010ditelj Matja\u017e Slabe. Smu\u010dali smo vsi skupaj, vmes pa smo se ustavili tudi na \u010daju. Okrog 1h smo kon\u010dali, nekateri pa smo ostali \u0161e do 4h.<\/p>\n<p><em><span style=\"color: #000080\">\u017diga Prosen, 9.b<\/span><\/em><\/p>\n<p>&nbsp;<\/p>\n<p>Na hokeju je bilo v redu, \u010deprav nismo imeli metel, ampak navadne palice. Razdelili smo se v dve skupini po \u0161tiri igralce (trije igralci in vratar) in tekmovali na ledu, ki je bil prekrit s snegom. Do\u017eiveli smo dosti padcev, odli\u010dnih podaj in zadetkov, ki so vodili k neodlo\u010denem rezultatu.<\/p>\n<p><span style=\"color: #000080\"><em>Polona Stanonik, 9. b<\/em><\/span><\/p>\n<p>&nbsp;<\/p>\n","protected":false},"excerpt":{"rendered":"<p>Za u\u010denci na\u0161ih sedmih in devetih razredov je zanimiv zimski [&hellip;]<\/p>\n","protected":false},"author":1973,"featured_media":0,"comment_status":"closed","ping_status":"open","sticky":false,"template":"","format":"standard","meta":{"ngg_post_thumbnail":0,"footnotes":""},"categories":[39,29,9,1],"tags":[],"class_list":["post-1199","post","type-post","status-publish","format-standard","hentry","category-3-triletje","category-dnevi-dejavnosti-3-triada","category-nekategorizirano","category-nerazvrsceno"],"_links":{"self":[{"href":"https:\/\/sola-poljane.splet.arnes.si\/index.php?rest_route=\/wp\/v2\/posts\/1199","targetHints":{"allow":["GET"]}}],"collection":[{"href":"https:\/\/sola-poljane.splet.arnes.si\/index.php?rest_route=\/wp\/v2\/posts"}],"about":[{"href":"https:\/\/sola-poljane.splet.arnes.si\/index.php?rest_route=\/wp\/v2\/types\/post"}],"author":[{"embeddable":true,"href":"https:\/\/sola-poljane.splet.arnes.si\/index.php?rest_route=\/wp\/v2\/users\/1973"}],"replies":[{"embeddable":true,"href":"https:\/\/sola-poljane.splet.arnes.si\/index.php?rest_route=%2Fwp%2Fv2%2Fcomments&post=1199"}],"version-history":[{"count":0,"href":"https:\/\/sola-poljane.splet.arnes.si\/index.php?rest_route=\/wp\/v2\/posts\/1199\/revisions"}],"wp:attachment":[{"href":"https:\/\/sola-poljane.splet.arnes.si\/index.php?rest_route=%2Fwp%2Fv2%2Fmedia&parent=1199"}],"wp:term":[{"taxonomy":"category","embeddable":true,"href":"https:\/\/sola-poljane.splet.arnes.si\/index.php?rest_route=%2Fwp%2Fv2%2Fcategories&post=1199"},{"taxonomy":"post_tag","embeddable":true,"href":"https:\/\/sola-poljane.splet.arnes.si\/index.php?rest_route=%2Fwp%2Fv2%2Ftags&post=1199"}],"curies":[{"name":"wp","href":"https:\/\/api.w.org\/{rel}","templated":true}]}}