{"id":11803,"date":"2018-10-16T17:58:20","date_gmt":"2018-10-16T15:58:20","guid":{"rendered":"http:\/\/sola-poljane.splet.arnes.si\/?p=11803"},"modified":"2020-09-07T13:43:22","modified_gmt":"2020-09-07T11:43:22","slug":"medobcinsko-tekmovanje-v-krosu-2","status":"publish","type":"post","link":"https:\/\/sola-poljane.splet.arnes.si\/?p=11803","title":{"rendered":"Medob\u010dinsko tekmovanje v krosu"},"content":{"rendered":"<p>Z u\u010denci na\u0161e \u0161ole smo se v petek, 12. 10. 2018, udele\u017eili <strong><span style=\"color: #008000\">medob\u010dinskega krosa v \u0160kofji Loki<\/span><\/strong>. V kategorijah, ki so lo\u010dene po spolu, so tekmovali u\u010denke in u\u010denci od 6. do 9. razreda. Skupno se je krosa udele\u017eilo 33 u\u010dencev na\u0161e \u0161ole. Kar nekaj se jih je povzpelo tudi na stopni\u010dke:<\/p>\n<ul>\n<li>letnik 2008, u\u010denci: <strong><span style=\"color: #3366ff\">Bla\u017e Jur\u010di\u010d \u2013 2. mesto<\/span><\/strong><\/li>\n<li>letnik 2008, u\u010denke: <strong><span style=\"color: #3366ff\">Ajda Kr\u017ei\u0161nik \u2013 2. mesto, Tija Kisovec \u2013 3. mesto<\/span><\/strong><\/li>\n<li>letnik 2007, u\u010denci: <strong><span style=\"color: #3366ff\">Dominik Pisk \u2013 <\/span><span style=\"color: #3366ff\"><strong>1<\/strong>. mesto, David Kri\u017enar \u2013 3. mesto<\/span><\/strong><\/li>\n<li>letnik 2006, u\u010denci: <strong><span style=\"color: #3366ff\">Ga\u0161per \u010cade\u017e \u2013 2. mesto<\/span><\/strong><\/li>\n<li>letnik 2006, u\u010denke:<strong><span style=\"color: #3366ff\"> Lena Grebenc \u2013 1. mesto, Maja Peternel \u2013 3. mesto<\/span><\/strong><\/li>\n<li>letnik 2005, u\u010denke: <strong><span style=\"color: #3366ff\">Tinkara Krek \u2013 1. mesto, Anja Luznar \u2013 2. mesto\u00a0<\/span><\/strong><\/li>\n<\/ul>\n<p><strong><span style=\"color: #ff6600\">Vsi rezultati so navedeni v spodnji priponki:<br \/>\n<\/span><\/strong><a href=\"http:\/\/sola-poljane.splet.arnes.si\/files\/2018\/10\/Medob\u010dinsko-tekmovanje-v-kosu-\u0160kofja-Loka-2018.pdf\">Medob\u010dinsko tekmovanje v krosu \u0160kofja Loka 2018<\/a><\/p>\n<p>\u010cestitke vsem dobitnikom kolajn in seveda tudi vsem ostalim, ki so zbrali pogum in se udele\u017eili krosa.<\/p>\n<p><strong><em>Ale\u0161 Mrak<\/em><\/strong><\/p>\nngg_shortcode_0_placeholder\n","protected":false},"excerpt":{"rendered":"<p>Z u\u010denci na\u0161e \u0161ole smo se v petek, 12. 10. [&hellip;]<\/p>\n","protected":false},"author":56163,"featured_media":11809,"comment_status":"closed","ping_status":"open","sticky":false,"template":"","format":"standard","meta":{"ngg_post_thumbnail":0,"footnotes":""},"categories":[35,39,55,59],"tags":[],"class_list":["post-11803","post","type-post","status-publish","format-standard","has-post-thumbnail","hentry","category-2-triletje","category-3-triletje","category-dogajanje","category-sportna-tekmovanja"],"_links":{"self":[{"href":"https:\/\/sola-poljane.splet.arnes.si\/index.php?rest_route=\/wp\/v2\/posts\/11803","targetHints":{"allow":["GET"]}}],"collection":[{"href":"https:\/\/sola-poljane.splet.arnes.si\/index.php?rest_route=\/wp\/v2\/posts"}],"about":[{"href":"https:\/\/sola-poljane.splet.arnes.si\/index.php?rest_route=\/wp\/v2\/types\/post"}],"author":[{"embeddable":true,"href":"https:\/\/sola-poljane.splet.arnes.si\/index.php?rest_route=\/wp\/v2\/users\/56163"}],"replies":[{"embeddable":true,"href":"https:\/\/sola-poljane.splet.arnes.si\/index.php?rest_route=%2Fwp%2Fv2%2Fcomments&post=11803"}],"version-history":[{"count":5,"href":"https:\/\/sola-poljane.splet.arnes.si\/index.php?rest_route=\/wp\/v2\/posts\/11803\/revisions"}],"predecessor-version":[{"id":11893,"href":"https:\/\/sola-poljane.splet.arnes.si\/index.php?rest_route=\/wp\/v2\/posts\/11803\/revisions\/11893"}],"wp:featuredmedia":[{"embeddable":true,"href":"https:\/\/sola-poljane.splet.arnes.si\/index.php?rest_route=\/wp\/v2\/media\/11809"}],"wp:attachment":[{"href":"https:\/\/sola-poljane.splet.arnes.si\/index.php?rest_route=%2Fwp%2Fv2%2Fmedia&parent=11803"}],"wp:term":[{"taxonomy":"category","embeddable":true,"href":"https:\/\/sola-poljane.splet.arnes.si\/index.php?rest_route=%2Fwp%2Fv2%2Fcategories&post=11803"},{"taxonomy":"post_tag","embeddable":true,"href":"https:\/\/sola-poljane.splet.arnes.si\/index.php?rest_route=%2Fwp%2Fv2%2Ftags&post=11803"}],"curies":[{"name":"wp","href":"https:\/\/api.w.org\/{rel}","templated":true}]}}