{"id":11763,"date":"2018-10-15T22:26:49","date_gmt":"2018-10-15T20:26:49","guid":{"rendered":"http:\/\/sola-poljane.splet.arnes.si\/?p=11763"},"modified":"2020-09-07T13:43:22","modified_gmt":"2020-09-07T11:43:22","slug":"obsli-smo-skoraj-vso-slovenijo","status":"publish","type":"post","link":"https:\/\/sola-poljane.splet.arnes.si\/?p=11763","title":{"rendered":"Ob\u0161li smo skoraj vso Slovenijo"},"content":{"rendered":"<p>U\u010denci od 6. do 9. razreda vsako leto obi\u0161\u010dejo eno slovensko pokrajino, tako da v devetem razredu poznajo \u017ee skoraj vso Slovenijo. Letos je bil ta dan dejavnosti (naravoslovnih in kulturnih) v sredo, 10. oktobra. \u017de ob sedmih zjutraj so avtobusi odpeljali v razli\u010dne smeri, v Poljane pa so se vrnili okrog 18. ure.<\/p>\n<p>Poglejte si nekaj utrinkov s posameznih popotovanj.<\/p>\n<p><strong><span style=\"color: #0000ff\">6. razred: MULJAVA, GRAD BOGEN\u0160PERK, DOLENJSKI MUZEJ, NOVO MESTO<\/span><\/strong><\/p>\n<p><strong><span style=\"color: #ff9900\">************************************************************<\/span><\/strong><\/p>\n<p><strong><span style=\"color: #0000ff\">7. razred: LIPICA, JAMA VILENICA, \u0160TANJEL, GALERIJA LOJZETA SPACALA<\/span><\/strong><\/p>\n<p style=\"text-align: left\"><span style=\"color: #ff00ff\"><strong>Lena Pintar, Ana Pintar: PESEM O KRASU<\/strong><\/span><\/p>\n<p style=\"text-align: left\">V sredo pred \u0161olo smo se zbrali,<br \/>\nda bi se skupaj na Kras podali.<br \/>\nNajprej v \u0160tanjel smo se odpeljali,<br \/>\nda bi staro mesto raziskali.<\/p>\n<p style=\"text-align: left\">O starem stolpu smo se u\u010dili<br \/>\nin br\u017e v Vilenico pobegnili.<br \/>\nKo podzemlje smo raziskovali,<br \/>\nzelo la\u010dni smo postali.<\/p>\n<p style=\"text-align: left\">Potem ko smo trebu\u0161\u010dke napolnili,<br \/>\nu\u010dni list smo izpolnili.<br \/>\nNato smo se \u0161e zaobljubili,<br \/>\nda o lipicancih se bomo pou\u010dili.<\/p>\n<p style=\"text-align: left\">Ogled Lipice smo hitro zaklju\u010dili<br \/>\nin na avtobus sko\u010dili.<br \/>\nV Poljane smo prihiteli,<br \/>\nda bi \u0161e dan ujeli.<\/p>\n\n<!-- iframe plugin v.5.2 wordpress.org\/plugins\/iframe\/ -->\n<iframe loading=\"lazy\" width=\"320\" height=\"180\" src=\"https:\/\/video.arnes.si\/portal\/api\/asset\/embed\/HJPmX7WfEScPnXbjKt8jQT24\" frameborder=\"0\" webkitallowfullscreen mozallowfullscreen allowfullscreen scrolling=\"yes\" class=\"iframe-class\" name=\"ARNES\"><\/iframe>\n\n\n<!-- iframe plugin v.5.2 wordpress.org\/plugins\/iframe\/ -->\n<iframe loading=\"lazy\" width=\"320\" height=\"180\" src=\"https:\/\/video.arnes.si\/portal\/api\/asset\/embed\/J1JSTfIoAWMfYX7UHXkUmeKS\" frameborder=\"0\" webkitallowfullscreen mozallowfullscreen allowfullscreen scrolling=\"yes\" class=\"iframe-class\" name=\"ARNES\"><\/iframe>\n\n<p>&nbsp;<\/p>\n<p style=\"text-align: left\">ngg_shortcode_0_placeholder<\/p>\n<p style=\"text-align: left\"><em><strong>Foto: Adriano Markelj<\/strong><\/em><\/p>\n<p style=\"text-align: left\"><strong><span style=\"color: #00ccff\">******************************<\/span><\/strong><\/p>\nngg_shortcode_1_placeholder\n<p><em><strong>Foto: Barbara Tav\u010dar<\/strong><\/em><\/p>\n<p><strong><span style=\"color: #ff9900\">************************************************************<\/span><\/strong><\/p>\n<p><strong><span style=\"color: #0000ff\">8. razred:\u00a0RIMSKA NEKROPOLA, JAMA PEKEL, PTUJSKI GRAD<\/span><\/strong><\/p>\n<p><strong><span style=\"color: #ff00ff\">Anja Luznar: Pou\u010dna ekskurzija<\/span><\/strong><\/p>\n<p>V sredo, 10. oktobra, smo se osmi razredi odpravili na ekskurzijo na \u0160tajersko. Najprej smo si ogledali rimsko nekropolo v \u0160empetru. Videli smo ostanke rimskih grobnic, ki so jih odkrili v \u0160empetru. Vodi\u010dka nam je povedala zgodbe o reliefih na grobnicah. Najve\u010dja grobnica je visoka kar osem metrov. Po ogledu Rimske nekropole smo imeli malico, nato pa smo se odpeljali do jame Pekel. V jami smo najprej hodili po spodnjem, mokrem delu jame, ki vodi ob potoku Peklen\u0161\u010dica. V njem smo videli raka. Videli smo tudi najve\u010dji podzemni slap v Sloveniji, ki ima \u0161tiri metre padca. V zgornjem, suhem delu jame smo videli veliko razli\u010dnih kapnikov. Opazili smo tudi netopirje in pajke. Po ogledu smo se odpeljali na Ptuj. Tam smo imeli kosilo, ki je bilo odli\u010dno. Na Ptujskem gradu smo videli zbirko starega pohi\u0161tva in stare pe\u010di, zbirko oro\u017eja, ptujske maske in kurente, zbirko starih glasbil \u2026 Nato nas je vodi\u010dka odpeljala do starega mesta Ptuj. Videli smo mestni stolp in ostale stare stavbe na Ptuju.<\/p>\n<p>Najbolj v\u0161e\u010d mi je bila jama Pekel, saj smo videli veliko kapnikov in slap. Ekskurzija je bila zanimiva in pou\u010dna.<\/p>\n<p><strong><span style=\"color: #ff9900\">************************************************************<\/span><\/strong><\/p>\n<p><strong><span style=\"color: #0000ff\">9. razred: MUZEJ 1. SVETOVNE VOJNE KOBARID, ANTONIJEV ROV V IDRIJI, BOLNICA FRANJA<\/span><\/strong><\/p>\nngg_shortcode_2_placeholder\n","protected":false},"excerpt":{"rendered":"<p>U\u010denci od 6. do 9. razreda vsako leto obi\u0161\u010dejo eno [&hellip;]<\/p>\n","protected":false},"author":56163,"featured_media":11793,"comment_status":"closed","ping_status":"open","sticky":false,"template":"","format":"standard","meta":{"ngg_post_thumbnail":0,"footnotes":""},"categories":[35,39,29,15,55],"tags":[],"class_list":["post-11763","post","type-post","status-publish","format-standard","has-post-thumbnail","hentry","category-2-triletje","category-3-triletje","category-dnevi-dejavnosti-3-triada","category-dnevi-dejavnosti-2-triada","category-dogajanje"],"_links":{"self":[{"href":"https:\/\/sola-poljane.splet.arnes.si\/index.php?rest_route=\/wp\/v2\/posts\/11763","targetHints":{"allow":["GET"]}}],"collection":[{"href":"https:\/\/sola-poljane.splet.arnes.si\/index.php?rest_route=\/wp\/v2\/posts"}],"about":[{"href":"https:\/\/sola-poljane.splet.arnes.si\/index.php?rest_route=\/wp\/v2\/types\/post"}],"author":[{"embeddable":true,"href":"https:\/\/sola-poljane.splet.arnes.si\/index.php?rest_route=\/wp\/v2\/users\/56163"}],"replies":[{"embeddable":true,"href":"https:\/\/sola-poljane.splet.arnes.si\/index.php?rest_route=%2Fwp%2Fv2%2Fcomments&post=11763"}],"version-history":[{"count":20,"href":"https:\/\/sola-poljane.splet.arnes.si\/index.php?rest_route=\/wp\/v2\/posts\/11763\/revisions"}],"predecessor-version":[{"id":11873,"href":"https:\/\/sola-poljane.splet.arnes.si\/index.php?rest_route=\/wp\/v2\/posts\/11763\/revisions\/11873"}],"wp:featuredmedia":[{"embeddable":true,"href":"https:\/\/sola-poljane.splet.arnes.si\/index.php?rest_route=\/wp\/v2\/media\/11793"}],"wp:attachment":[{"href":"https:\/\/sola-poljane.splet.arnes.si\/index.php?rest_route=%2Fwp%2Fv2%2Fmedia&parent=11763"}],"wp:term":[{"taxonomy":"category","embeddable":true,"href":"https:\/\/sola-poljane.splet.arnes.si\/index.php?rest_route=%2Fwp%2Fv2%2Fcategories&post=11763"},{"taxonomy":"post_tag","embeddable":true,"href":"https:\/\/sola-poljane.splet.arnes.si\/index.php?rest_route=%2Fwp%2Fv2%2Ftags&post=11763"}],"curies":[{"name":"wp","href":"https:\/\/api.w.org\/{rel}","templated":true}]}}