{"id":11709,"date":"2018-10-09T19:42:50","date_gmt":"2018-10-09T17:42:50","guid":{"rendered":"http:\/\/sola-poljane.splet.arnes.si\/?p=11709"},"modified":"2020-09-07T13:43:39","modified_gmt":"2020-09-07T11:43:39","slug":"jan-demsar-tole-moram-povedat","status":"publish","type":"post","link":"https:\/\/sola-poljane.splet.arnes.si\/?p=11709","title":{"rendered":"Jan Dem\u0161ar: Tole moram povedat&#8217;"},"content":{"rendered":"<p>V za\u010detku septembra so se na\u0161i \u0161esto\u0161olci odzvali na nagradni nate\u010daj <strong><span style=\"color: #008000\">&#8221;TOLE MORAM POVEDAT&#8221;<\/span><\/strong>, ki ga je Muzejsko dru\u0161tvo \u0160kofja Loka razpisalo ob 80-letnici svojega delovanja in Dnevih evropske kulturne dedi\u0161\u010dine 2018. Z nate\u010dajem so \u017eeleli podpreti medgeneracijsko so\u017eitje, izkazati spo\u0161tovanje do\u00a0 prou\u010devanja starej\u0161ih \u0161eg in navad ter prispevati k njihovemu ohranjanju.<br \/>\nU\u010denci so se obrnili na stare star\u0161e in druge starej\u0161e osebe in jih povpra\u0161ali o \u017eivljenju neko\u010d. Nastali so res zanimivi zapisi o tem, kako so v\u010dasih kuhali, prali perilo, izdelovali \u010devlje, gradili, se igrali, \u0161olali, kmetovali, hodili na morje, delali v rudniku, izvajali \u017eagarstvo, \u017eeli in o otro\u0161tvu in \u017eivljenju nasploh. Ve\u010dina u\u010dencev je izrazila zadovoljstvo nad opravljenim delom, saj se jim je zdelo zanimivo, pa tudi za\u010dudenje nad razmerami, v kakr\u0161nih so neko\u010d \u017eiveli odrasli in otroci.<br \/>\nV petek, 5. 10. 2018, se je <strong><span style=\"color: #0000ff\">\u0161esto\u0161olec Jan Dem\u0161ar<\/span><\/strong> skupaj z mentorico udele\u017eil zaklju\u010dne prireditve v Sokolskem domu \u0160kofja Loka, kjer je prebral svojo nalogo in prejel <span style=\"color: #0000ff\">prvo nagrado za najbolj\u0161e delo med 108 prispevki<\/span>. Prejel je dve vstopnici za adrenalinski park GEOSS.<\/p>\n<p>Komisija je imela te\u017eko delo, o \u010demer se lahko prepri\u010date, \u010de si ogledate prispevke z vseh \u0161ol v spletni mapi, kamor so jih digitalizirali v Muzejskem dru\u0161tvu \u0160kofja Loka.<\/p>\n<p><a href=\"https:\/\/drive.google.com\/drive\/folders\/1yOGUvoz3twOrE6Ya_wFY2CJ_cG38robx\">https:\/\/drive.google.com\/drive\/folders\/1yOGUvoz3twOrE6Ya_wFY2CJ_cG38robx<\/a><\/p>\n<p>V priponki si lahko preberete nagrajeni Janov prispevek z opisom \u017eetve, nazornimi fotografijami in viri, iz katerih je \u010drpal.<\/p>\n<p><a href=\"http:\/\/sola-poljane.splet.arnes.si\/files\/2018\/10\/Jan-Dem\u0161ar_\u017detev-\u017eita.docx\">Jan Dem\u0161ar_\u017detev \u017eita<\/a><\/p>\n<p>&nbsp;<\/p>\n<p><strong><a href=\"http:\/\/sola-poljane.splet.arnes.si\/files\/2018\/10\/Jan-na-zaklju\u0107ni-prireditvi.png\"><img loading=\"lazy\" decoding=\"async\" class=\"alignnone size-full wp-image-11711 aligncenter\" src=\"http:\/\/sola-poljane.splet.arnes.si\/files\/2018\/10\/Jan-na-zaklju\u0107ni-prireditvi.png\" alt=\"\" width=\"541\" height=\"630\" srcset=\"https:\/\/sola-poljane.splet.arnes.si\/files\/2018\/10\/Jan-na-zaklju\u0107ni-prireditvi.png 541w, https:\/\/sola-poljane.splet.arnes.si\/files\/2018\/10\/Jan-na-zaklju\u0107ni-prireditvi-258x300.png 258w, https:\/\/sola-poljane.splet.arnes.si\/files\/2018\/10\/Jan-na-zaklju\u0107ni-prireditvi-47x55.png 47w\" sizes=\"auto, (max-width: 541px) 100vw, 541px\" \/><\/a><\/strong><\/p>\n<p style=\"text-align: center\"><strong>Jan na zaklju\u010dni prireditvi v \u0160kofji Loki, 5. 10. 2018<\/strong><\/p>\n<p>&nbsp;<\/p>\n","protected":false},"excerpt":{"rendered":"<p>V za\u010detku septembra so se na\u0161i \u0161esto\u0161olci odzvali na nagradni [&hellip;]<\/p>\n","protected":false},"author":56163,"featured_media":11715,"comment_status":"closed","ping_status":"open","sticky":false,"template":"","format":"standard","meta":{"ngg_post_thumbnail":0,"footnotes":""},"categories":[35,55,37],"tags":[],"class_list":["post-11709","post","type-post","status-publish","format-standard","has-post-thumbnail","hentry","category-2-triletje","category-dogajanje","category-natecaji"],"_links":{"self":[{"href":"https:\/\/sola-poljane.splet.arnes.si\/index.php?rest_route=\/wp\/v2\/posts\/11709","targetHints":{"allow":["GET"]}}],"collection":[{"href":"https:\/\/sola-poljane.splet.arnes.si\/index.php?rest_route=\/wp\/v2\/posts"}],"about":[{"href":"https:\/\/sola-poljane.splet.arnes.si\/index.php?rest_route=\/wp\/v2\/types\/post"}],"author":[{"embeddable":true,"href":"https:\/\/sola-poljane.splet.arnes.si\/index.php?rest_route=\/wp\/v2\/users\/56163"}],"replies":[{"embeddable":true,"href":"https:\/\/sola-poljane.splet.arnes.si\/index.php?rest_route=%2Fwp%2Fv2%2Fcomments&post=11709"}],"version-history":[{"count":1,"href":"https:\/\/sola-poljane.splet.arnes.si\/index.php?rest_route=\/wp\/v2\/posts\/11709\/revisions"}],"predecessor-version":[{"id":11717,"href":"https:\/\/sola-poljane.splet.arnes.si\/index.php?rest_route=\/wp\/v2\/posts\/11709\/revisions\/11717"}],"wp:featuredmedia":[{"embeddable":true,"href":"https:\/\/sola-poljane.splet.arnes.si\/index.php?rest_route=\/wp\/v2\/media\/11715"}],"wp:attachment":[{"href":"https:\/\/sola-poljane.splet.arnes.si\/index.php?rest_route=%2Fwp%2Fv2%2Fmedia&parent=11709"}],"wp:term":[{"taxonomy":"category","embeddable":true,"href":"https:\/\/sola-poljane.splet.arnes.si\/index.php?rest_route=%2Fwp%2Fv2%2Fcategories&post=11709"},{"taxonomy":"post_tag","embeddable":true,"href":"https:\/\/sola-poljane.splet.arnes.si\/index.php?rest_route=%2Fwp%2Fv2%2Ftags&post=11709"}],"curies":[{"name":"wp","href":"https:\/\/api.w.org\/{rel}","templated":true}]}}