{"id":11643,"date":"2018-10-05T18:54:21","date_gmt":"2018-10-05T16:54:21","guid":{"rendered":"http:\/\/sola-poljane.splet.arnes.si\/?p=11643"},"modified":"2020-09-07T13:43:39","modified_gmt":"2020-09-07T11:43:39","slug":"drzavno-tekmovanje-v-orientaciji-crngrob-2018","status":"publish","type":"post","link":"https:\/\/sola-poljane.splet.arnes.si\/?p=11643","title":{"rendered":"Dr\u017eavno tekmovanje v orientaciji \u2013 Crngrob 2018"},"content":{"rendered":"<p>V \u010detrtek, 4. oktobra 2018, je v Crngrobu potekalo <strong><span style=\"color: #0000ff\">dr\u017eavno tekmovanje v orientacijskem teku za osnovne in srednje \u0161ole.<\/span><\/strong> Tekmovanja se je tokrat udele\u017eilo preko 20 osnovnih \u0161ol in \u0161e nekaj srednjih \u0161ol. Razlog za to je bilo tudi dejstvo, da je leto\u0161nje tekmovanje pomenilo tudi izbirno tekmovanje za svetovno prvenstvo, ki bo konec aprila potekalo v Estoniji.<\/p>\n<p>Tudi letos je bilo najbolj vro\u010de v <strong><span style=\"color: #993300\">kategoriji C<\/span><\/strong>, ki jo sestavljajo u\u010denke in u\u010denci 8. in 9. razreda. Tekmovanja se je udele\u017eilo preko 60 tekmovalcev, zato je bila proga speljana v razli\u010dne smeri. S tem se prepre\u010di skupno iskanje to\u010dk. Prav tako je bila \u0161tevil\u010dna udele\u017eba u\u010denk 8. in 9. razreda.<br \/>\nTekmovali smo \u0161e v <span style=\"color: #993300\"><strong>kategoriji B<\/strong><\/span>, tako u\u010denci kot u\u010denke. To kategorijo pa so sestavljali u\u010denke in u\u010denci 6. in 7. razreda. Ta skupina je bila naj\u0161tevil\u010dnej\u0161a.<\/p>\n<p>Razmere za tekmovanje so bile odli\u010dne. Teren, na katerem je potekala proga, je bil podoben kra\u0161kemu svetu \u2013 poln izzivov, ki so jih u\u010denke in u\u010denci uspe\u0161no premagovali.<\/p>\n<p><strong><span style=\"color: #ff6600\">In kako je \u0161lo na\u0161i ekipi?<\/span><\/strong><\/p>\n<p>Med u\u010denci <strong><span style=\"color: #993300\">v kategoriji C<\/span> <\/strong>je bil najbolj\u0161i <span style=\"color: #0000ff\">\u017diga Podrekar<\/span> s 13. mestom. Sledil mu je <span style=\"color: #0000ff\">Maks Pade\u017enik<\/span>, ki je zasedel 23. mesto. <span style=\"color: #0000ff\">Rok Stanonik<\/span> proge ni opravil pravilno in ni bil uvr\u0161\u010den.<br \/>\nMed u\u010denkami je odli\u010dno 3. mesto osvojila <span style=\"color: #ff6600\">Jedrt \u0160inkovec, Manca Stanonik<\/span> zaradi napake ni bila uvr\u0161\u010dena.<br \/>\nEkipno smo v tej kategoriji <span style=\"color: #993300\">med dekleti osvojili 8. mesto, fantje pa so bili sedmi.<\/span><\/p>\n<p>Med u\u010denci <span style=\"color: #993300\"><strong>kategorije B<\/strong> <\/span>se je odli\u010dno odrezal <span style=\"color: #0000ff\">Jakob Pisk,<\/span> saj je osvojil 5. mesto. Na 28. mesto se je uvrstil <span style=\"color: #0000ff\">David Kri\u017enar,<\/span> na 30. mestu pa je kon\u010dal <span style=\"color: #0000ff\">Dominik Pisk.<br \/>\n<\/span>Med dekleti je bila najbolje uvr\u0161\u010dena <span style=\"color: #ff6600\">Brina Frlan,<\/span> in sicer na 24. mesto, tako za njo je v cilj pritekla <span style=\"color: #ff6600\">Nina Jereb. Lara Re\u0161ek<\/span> je zasedla 27. mesto.<br \/>\nEkipno so <span style=\"color: #993300\">fantje v kategoriji B zasedli odli\u010dno 4. mesto, dekleta pa 9. mesto.<\/span><\/p>\n<p>Pohvalim lahko vse sodelujo\u010de za uvrstitve in odlo\u010dnost za nastop.<\/p>\n<p><strong><span style=\"color: #333399\">Vabim tudi vse, ki vas zanima orientacijski tek, da se nam pridru\u017eite!<\/span><\/strong><\/p>\n<p>&nbsp;<\/p>\n<p><em><strong>Mentor: Ale\u0161 Mrak<\/strong><\/em><\/p>\nngg_shortcode_0_placeholder\n<p>&nbsp;<\/p>\n<p>&nbsp;<\/p>\n<p>&nbsp;<\/p>\n","protected":false},"excerpt":{"rendered":"<p>V \u010detrtek, 4. oktobra 2018, je v Crngrobu potekalo dr\u017eavno [&hellip;]<\/p>\n","protected":false},"author":56163,"featured_media":11649,"comment_status":"closed","ping_status":"open","sticky":false,"template":"","format":"standard","meta":{"ngg_post_thumbnail":0,"footnotes":""},"categories":[55,59],"tags":[],"class_list":["post-11643","post","type-post","status-publish","format-standard","has-post-thumbnail","hentry","category-dogajanje","category-sportna-tekmovanja"],"_links":{"self":[{"href":"https:\/\/sola-poljane.splet.arnes.si\/index.php?rest_route=\/wp\/v2\/posts\/11643","targetHints":{"allow":["GET"]}}],"collection":[{"href":"https:\/\/sola-poljane.splet.arnes.si\/index.php?rest_route=\/wp\/v2\/posts"}],"about":[{"href":"https:\/\/sola-poljane.splet.arnes.si\/index.php?rest_route=\/wp\/v2\/types\/post"}],"author":[{"embeddable":true,"href":"https:\/\/sola-poljane.splet.arnes.si\/index.php?rest_route=\/wp\/v2\/users\/56163"}],"replies":[{"embeddable":true,"href":"https:\/\/sola-poljane.splet.arnes.si\/index.php?rest_route=%2Fwp%2Fv2%2Fcomments&post=11643"}],"version-history":[{"count":4,"href":"https:\/\/sola-poljane.splet.arnes.si\/index.php?rest_route=\/wp\/v2\/posts\/11643\/revisions"}],"predecessor-version":[{"id":11653,"href":"https:\/\/sola-poljane.splet.arnes.si\/index.php?rest_route=\/wp\/v2\/posts\/11643\/revisions\/11653"}],"wp:featuredmedia":[{"embeddable":true,"href":"https:\/\/sola-poljane.splet.arnes.si\/index.php?rest_route=\/wp\/v2\/media\/11649"}],"wp:attachment":[{"href":"https:\/\/sola-poljane.splet.arnes.si\/index.php?rest_route=%2Fwp%2Fv2%2Fmedia&parent=11643"}],"wp:term":[{"taxonomy":"category","embeddable":true,"href":"https:\/\/sola-poljane.splet.arnes.si\/index.php?rest_route=%2Fwp%2Fv2%2Fcategories&post=11643"},{"taxonomy":"post_tag","embeddable":true,"href":"https:\/\/sola-poljane.splet.arnes.si\/index.php?rest_route=%2Fwp%2Fv2%2Ftags&post=11643"}],"curies":[{"name":"wp","href":"https:\/\/api.w.org\/{rel}","templated":true}]}}