{"id":11607,"date":"2018-10-05T06:50:47","date_gmt":"2018-10-05T04:50:47","guid":{"rendered":"http:\/\/sola-poljane.splet.arnes.si\/?p=11607"},"modified":"2020-09-07T13:43:39","modified_gmt":"2020-09-07T11:43:39","slug":"med-clani-smucarskega-skakalnega-kluba-alpina-ziri-je-bila-tudi-ema-klinec","status":"publish","type":"post","link":"https:\/\/sola-poljane.splet.arnes.si\/?p=11607","title":{"rendered":"Med \u010dlani Smu\u010darskega skakalnega kluba Alpina \u017diri je bila tudi Ema Klinec"},"content":{"rendered":"<p>Konec septembra so nas obiskali \u010dlani <strong><span style=\"color: #0000ff\">SSK Alpina \u017diri<\/span><\/strong>. Poleg <strong><span style=\"color: #0000ff\">glavnega trenerja Jerneja Kumra<\/span> <\/strong>sta sre\u010danje s prvo\u0161olci in drugo\u0161olci popestrili doma\u010dinki <strong><span style=\"color: #ff6600\">Barbara in Ema Klinec<\/span><\/strong>.<\/p>\n<p>Nazorna in zanimiva je bila njihova predstavitev kluba in vadbe, saj se je nekaj naklju\u010dno izbranih u\u010dencev lahko preizkusilo na mini poligonu in imitaciji skoka. \u010clani kluba so dva u\u010denca oblekli in obuli v popolno skakalno opremo ter skupaj z vsemi prisotnimi u\u010denci naredili skupinsko fotografijo. U\u010denci so se razveselili tudi <span style=\"color: #ff6600\">dveh zlatih Eminih medalj z mladinskih olimpijskih iger<\/span>, ki jih je Ema prinesla s seboj in jih je vsak lahko pogledal od blizu.<\/p>\n<p><strong><span style=\"color: #0000ff\">Namen sre\u010danja je bil tudi pridobiti kakega novega \u010dlana<\/span><\/strong>. Povabili so vse, ki se radi dru\u017eijo, ki imajo poleg skokov radi igre z \u017eogo, tek, rolanje \u2013 skratka vse, ki \u017ee v otro\u0161tvu \u017eelijo poskrbeti za svoje zdravje in dobro po\u010dutje in so radi \u0161portno aktivni predvsem na sve\u017eem zraku.<\/p>\n<p><strong><span style=\"color: #008000\">Torej \u2013 na\u0161i najmlaj\u0161i, vabljeni v Smu\u010darski skakalni klub Alpina \u017diri in Nordijski center v \u017direh!<br \/>\nVabljeni tudi navija\u010di!<\/span><\/strong><\/p>\n<p>&nbsp;<\/p>\n<p><em><strong>Irma \u010cade\u017e<\/strong><\/em><\/p>\n<p>&nbsp;<\/p>\nngg_shortcode_0_placeholder\n","protected":false},"excerpt":{"rendered":"<p>Konec septembra so nas obiskali \u010dlani SSK Alpina \u017diri. Poleg [&hellip;]<\/p>\n","protected":false},"author":56163,"featured_media":11613,"comment_status":"closed","ping_status":"open","sticky":false,"template":"","format":"standard","meta":{"ngg_post_thumbnail":0,"footnotes":""},"categories":[33,55,11],"tags":[],"class_list":["post-11607","post","type-post","status-publish","format-standard","has-post-thumbnail","hentry","category-1-triletje","category-dogajanje","category-ostalo"],"_links":{"self":[{"href":"https:\/\/sola-poljane.splet.arnes.si\/index.php?rest_route=\/wp\/v2\/posts\/11607","targetHints":{"allow":["GET"]}}],"collection":[{"href":"https:\/\/sola-poljane.splet.arnes.si\/index.php?rest_route=\/wp\/v2\/posts"}],"about":[{"href":"https:\/\/sola-poljane.splet.arnes.si\/index.php?rest_route=\/wp\/v2\/types\/post"}],"author":[{"embeddable":true,"href":"https:\/\/sola-poljane.splet.arnes.si\/index.php?rest_route=\/wp\/v2\/users\/56163"}],"replies":[{"embeddable":true,"href":"https:\/\/sola-poljane.splet.arnes.si\/index.php?rest_route=%2Fwp%2Fv2%2Fcomments&post=11607"}],"version-history":[{"count":3,"href":"https:\/\/sola-poljane.splet.arnes.si\/index.php?rest_route=\/wp\/v2\/posts\/11607\/revisions"}],"predecessor-version":[{"id":11615,"href":"https:\/\/sola-poljane.splet.arnes.si\/index.php?rest_route=\/wp\/v2\/posts\/11607\/revisions\/11615"}],"wp:featuredmedia":[{"embeddable":true,"href":"https:\/\/sola-poljane.splet.arnes.si\/index.php?rest_route=\/wp\/v2\/media\/11613"}],"wp:attachment":[{"href":"https:\/\/sola-poljane.splet.arnes.si\/index.php?rest_route=%2Fwp%2Fv2%2Fmedia&parent=11607"}],"wp:term":[{"taxonomy":"category","embeddable":true,"href":"https:\/\/sola-poljane.splet.arnes.si\/index.php?rest_route=%2Fwp%2Fv2%2Fcategories&post=11607"},{"taxonomy":"post_tag","embeddable":true,"href":"https:\/\/sola-poljane.splet.arnes.si\/index.php?rest_route=%2Fwp%2Fv2%2Ftags&post=11607"}],"curies":[{"name":"wp","href":"https:\/\/api.w.org\/{rel}","templated":true}]}}