{"id":11571,"date":"2018-10-04T17:23:24","date_gmt":"2018-10-04T15:23:24","guid":{"rendered":"http:\/\/sola-poljane.splet.arnes.si\/?p=11571"},"modified":"2020-09-07T13:43:39","modified_gmt":"2020-09-07T11:43:39","slug":"prvi-naravoslovni-dan-za-prvi-razred-to-sem-jaz","status":"publish","type":"post","link":"https:\/\/sola-poljane.splet.arnes.si\/?p=11571","title":{"rendered":"Prvi naravoslovni dan za prvi razred \u2013 To sem jaz"},"content":{"rendered":"<p>Za prvo\u0161olce je vse novo in prvi\u010d \u2013 prvi razred, prvi \u0161olski dan, prvi \u0161portni dan \u2026 V zadnjem tednu septembra so do\u010dakali tudi prvi naravoslovni dan z naslovom <strong><span style=\"color: #008000\">\u00bbTo sem jaz\u00ab<\/span><\/strong>. U\u010denke in u\u010denci so preko raznolikih in zanimivih dejavnosti spoznavali \u00a0sami sebe. Bosi so hodili po razli\u010dnih materialih, preizku\u0161ali so svoj sluh, tip in voh. Tako se zdaj \u0161e malo bolj zavedajo sebe, svojih \u010dutil, \u010dutov in ob\u010dutkov.<\/p>\n<p><span style=\"color: #ff6600\"><strong>1. a razred<\/strong><\/span><\/p>\nngg_shortcode_0_placeholder\n<p>&nbsp;<\/p>\n<p><span style=\"color: #ff6600\"><strong>1. b razred<\/strong><\/span><\/p>\nngg_shortcode_1_placeholder\n","protected":false},"excerpt":{"rendered":"<p>Za prvo\u0161olce je vse novo in prvi\u010d \u2013 prvi razred, [&hellip;]<\/p>\n","protected":false},"author":56163,"featured_media":11601,"comment_status":"closed","ping_status":"open","sticky":false,"template":"","format":"standard","meta":{"ngg_post_thumbnail":0,"footnotes":""},"categories":[33,7,55],"tags":[],"class_list":["post-11571","post","type-post","status-publish","format-standard","has-post-thumbnail","hentry","category-1-triletje","category-dnevi-dejavnosti","category-dogajanje"],"_links":{"self":[{"href":"https:\/\/sola-poljane.splet.arnes.si\/index.php?rest_route=\/wp\/v2\/posts\/11571","targetHints":{"allow":["GET"]}}],"collection":[{"href":"https:\/\/sola-poljane.splet.arnes.si\/index.php?rest_route=\/wp\/v2\/posts"}],"about":[{"href":"https:\/\/sola-poljane.splet.arnes.si\/index.php?rest_route=\/wp\/v2\/types\/post"}],"author":[{"embeddable":true,"href":"https:\/\/sola-poljane.splet.arnes.si\/index.php?rest_route=\/wp\/v2\/users\/56163"}],"replies":[{"embeddable":true,"href":"https:\/\/sola-poljane.splet.arnes.si\/index.php?rest_route=%2Fwp%2Fv2%2Fcomments&post=11571"}],"version-history":[{"count":3,"href":"https:\/\/sola-poljane.splet.arnes.si\/index.php?rest_route=\/wp\/v2\/posts\/11571\/revisions"}],"predecessor-version":[{"id":11577,"href":"https:\/\/sola-poljane.splet.arnes.si\/index.php?rest_route=\/wp\/v2\/posts\/11571\/revisions\/11577"}],"wp:featuredmedia":[{"embeddable":true,"href":"https:\/\/sola-poljane.splet.arnes.si\/index.php?rest_route=\/wp\/v2\/media\/11601"}],"wp:attachment":[{"href":"https:\/\/sola-poljane.splet.arnes.si\/index.php?rest_route=%2Fwp%2Fv2%2Fmedia&parent=11571"}],"wp:term":[{"taxonomy":"category","embeddable":true,"href":"https:\/\/sola-poljane.splet.arnes.si\/index.php?rest_route=%2Fwp%2Fv2%2Fcategories&post=11571"},{"taxonomy":"post_tag","embeddable":true,"href":"https:\/\/sola-poljane.splet.arnes.si\/index.php?rest_route=%2Fwp%2Fv2%2Ftags&post=11571"}],"curies":[{"name":"wp","href":"https:\/\/api.w.org\/{rel}","templated":true}]}}